{"id":3391,"date":"2012-09-10T07:45:37","date_gmt":"2012-09-10T05:45:37","guid":{"rendered":"https:\/\/www.quicosenza.it\/news\/?p=3391"},"modified":"2023-01-17T13:35:58","modified_gmt":"2023-01-17T12:35:58","slug":"456-porto-torres-protesta-alla-vinyls-operai-su-una-torcia-a-100-metri-di-altezza","status":"publish","type":"post","link":"https:\/\/quicosenza.it\/news\/456-porto-torres-protesta-alla-vinyls-operai-su-una-torcia-a-100-metri-di-altezza\/","title":{"rendered":"Porto Torres, protesta alla Vinyls  operai su una torcia a 100 metri di altezza"},"content":{"rendered":"<p>SASSARI- Ancora proteste in Sardegna. Dopo l&#8217;Alcoa&nbsp; e il Sulcis, \u00e8 la volta degli operai della Vinyls: due di loro sono saliti stamattina su una torcia spenta a circa 100 metri di altezza nel polo petrolchimico di Porto Torres. L&#8217;ennesima azione eclatante (gli operai avevano dato vita per un anno all&#8217;Asinara anche all&#8217;Isola dei<\/p>\n<p>  <!--more-->  <\/p>\n<p>Cassintegrati) arriva a poche ore dell&#8217;iniziativa dei commissari che oggi presenteranno al Tribunale di Venezia l&#8217;offerta di una azienda chimica brasiliana che ha manifestato interesse per gli impianti e potrebbe rilanciare il polo, evitando la chiusura e restituendo il lavoro agli operai.<\/p>\n<p>Per la lunga vertenza della Vinyls di Porto Torres vi sar\u00e0 un incontro a Roma nei prossimi giorni. Dalla capitale si attende di sapere quale sar\u00e0 il destino dei lavoratori sardi legato all&#8217;offerta di acquisto della societ\u00e0 brasiliana per il riavvio degli impianti Vcm e Pvc. Lavoratori e sindacati, anche dopo l&#8217;ultima assemblea, hanno scelto la linea della cautela, come si legge su La Nuova Sardegna . Dopo le beffe a raffica che hanno visto il fallimento delle precedenti trattative di acquisizione, come quella allestita dal fondo svizzero Gita, prima di esprimere una valutazione si attende di vedere le carte. &#8220;Vediamo se si tratta di una operazione seria o se siamo di fronte all&#8217;ennesimo mistero di Vinyls, stavolta in salsa brasiliana. A quel punto&nbsp; -hanno detto&nbsp; &#8211;&nbsp; prenderemo le nostre decisioni: siamo pronti a tutto perch\u00e9 c&#8217;\u00e8 in ballo la nostra vita, il futuro delle nostre famiglie&#8221;, si legge ancora sul quotidiano sardo.<\/p>\n<p>L&#8217;azienda sudamericana, di cui sinora si sa poco, ha formalizzato nei giorni scorsi la proposta per Vinyls facendosi accreditare dall&#8217;ambasciata del Brasile in Italia che ha trasmesso referenze positive. L&#8217;offerta, arrivata nelle mani dei commissari straordinari, farebbe riferimento in modo specifico all&#8217;interesse per la produzione di Pvc. Oggi i commissari dovrebbero depositare la documentazione al Tribunale di Venezia e successivamente al ministero dello Sviluppo economico che dovr\u00e0 valutare la portata dell&#8217;operazione.<\/p>\n","protected":false},"excerpt":{"rendered":"<p>SASSARI- Ancora proteste in Sardegna. Dopo l&#8217;Alcoa&nbsp; e il Sulcis, \u00e8 la volta degli operai della Vinyls: due di loro sono saliti stamattina su una torcia spenta a circa 100 metri di altezza nel polo petrolchimico di Porto Torres. L&#8217;ennesima azione eclatante (gli operai avevano dato vita per un anno all&#8217;Asinara anche all&#8217;Isola dei<\/p>\n","protected":false},"author":22,"featured_media":706,"comment_status":"open","ping_status":"open","sticky":false,"template":"","format":"standard","meta":{"_acf_changed":false,"footnotes":"","jetpack_publicize_message":"","jetpack_publicize_feature_enabled":true,"jetpack_social_post_already_shared":false,"jetpack_social_options":{"image_generator_settings":{"template":"highway","default_image_id":0,"font":"","enabled":false},"version":2}},"categories":[548,16,5],"tags":[],"class_list":["post-3391","post","type-post","status-publish","format-standard","has-post-thumbnail","hentry","category-archivio-storico-news","category-italia","category-old"],"acf":[],"jetpack_publicize_connections":[],"_links":{"self":[{"href":"https:\/\/quicosenza.it\/news\/wp-json\/wp\/v2\/posts\/3391","targetHints":{"allow":["GET"]}}],"collection":[{"href":"https:\/\/quicosenza.it\/news\/wp-json\/wp\/v2\/posts"}],"about":[{"href":"https:\/\/quicosenza.it\/news\/wp-json\/wp\/v2\/types\/post"}],"author":[{"embeddable":true,"href":"https:\/\/quicosenza.it\/news\/wp-json\/wp\/v2\/users\/22"}],"replies":[{"embeddable":true,"href":"https:\/\/quicosenza.it\/news\/wp-json\/wp\/v2\/comments?post=3391"}],"version-history":[{"count":0,"href":"https:\/\/quicosenza.it\/news\/wp-json\/wp\/v2\/posts\/3391\/revisions"}],"wp:featuredmedia":[{"embeddable":true,"href":"https:\/\/quicosenza.it\/news\/wp-json\/wp\/v2\/media\/706"}],"wp:attachment":[{"href":"https:\/\/quicosenza.it\/news\/wp-json\/wp\/v2\/media?parent=3391"}],"wp:term":[{"taxonomy":"category","embeddable":true,"href":"https:\/\/quicosenza.it\/news\/wp-json\/wp\/v2\/categories?post=3391"},{"taxonomy":"post_tag","embeddable":true,"href":"https:\/\/quicosenza.it\/news\/wp-json\/wp\/v2\/tags?post=3391"}],"curies":[{"name":"wp","href":"https:\/\/api.w.org\/{rel}","templated":true}]}}