{"id":33943,"date":"2014-06-15T04:18:09","date_gmt":"2014-06-15T02:18:09","guid":{"rendered":"https:\/\/www.quicosenza.it\/news\/unical-il-centro-residenziale-festeggia-36-anni\/"},"modified":"2023-01-17T12:55:20","modified_gmt":"2023-01-17T11:55:20","slug":"14675-unical-il-centro-residenziale-festeggia-36-anni","status":"publish","type":"post","link":"https:\/\/quicosenza.it\/news\/14675-unical-il-centro-residenziale-festeggia-36-anni\/","title":{"rendered":"Unical, il Centro residenziale festeggia 36 anni"},"content":{"rendered":"<p>RENDE (CS) &#8211; Un ateneo speciale, un ateneo nato e cresciuto negli anni con le caratteristiche del campus non poteva non festeggiare la nascita del suo Centro residenziale.<\/p>\n<p>  <!--more-->  <\/p>\n<p>Cuore pulsante dell&#8217;Universit\u00e0 della Calabria, da 36 anni il Centro accoglie ed aggrega gli studenti, calabresi e non solo. Le candeline saranno spente il prossimo 19 giugno \u2013 \u00e8 proprio il 19 giugno del 1978 che il presidente delle Repubblica ne sanciva, con proprio decreto la nascita \u2013 ma i festeggiamenti partiranno oggi e dureranno una settimana. Il programma \u00e8 stato presentato questa mattina, presso la nuova seminari delle residenze Socrates, nel corso di una conferenza stampa alla quale hanno preso parte il prorettore Guerino D&#8217;Ignazio, il prorettore delegato al Centro residenziale Luigino Filice, il direttore del Centro residenziale Franco Santolla e Marcello Fiore, coordinatore della manifestazione. In sala molti rappresentanti delle associazioni e numerosi studenti che hanno contribuito all&#8217;organizzazione dell&#8217;evento. Il luogo scelto per la presentazione del programma non \u00e8 casuale: l&#8217;attuale sala seminari del Socrates, sede dell&#8217;ex centro scacchistico, \u00e8 rimasta chiusa per anni e solo di recente, nell&#8217;ambito del rilancio delle residenze, restituita alla fruizione comune. I festeggiamenti per l&#8217;anniversario della nascita del Centro coincidono con la Festa dei Popoli. Una scelta anche questa ben precisa, perch\u00e9 il Centro residenziale, pensato prima prevalentemente per gli studenti calabresi, oggi \u00e8 diventato uno dei poli attrattori principali, nell&#8217;ambito delle politiche di internazionalizzazione e di accoglienza dell&#8217;ateneo. Il campus ospita 2 mila studenti di nazionalit\u00e0 italiana, ma accoglie anche ragazzi provenienti da 63 diversi Paesi del mondo.<\/p>\n<p>&nbsp;<\/p>\n<p>\u201cIl campus come centro del mondo \u00e8 il titolo del convegno che chiuder\u00e0 le celebrazioni per il centro residenziale.L&#8217;accoglienza, la socialit\u00e0, la convivenza tra culture e storie diverse sono la vocazione del nostro ateneo. E su questi temi, cos\u00ec come sul rilancio del carattere residenziale del nostro campus, si integrano la politiche dell&#8217;ateneo e del centro\u201d, ha spiegato il prorettore delegato Luigino Filice. Un piccolo ma concreto segnale dell&#8217;anima cosmopolita del centro residenziale \u00e8 visibile da stamattina sulla sua pagina web: il nome del centro scorre nelle lingue dei 63 Paesi ospitati.<\/p>\n<p>&nbsp;<\/p>\n<p>\u201cIl campus \u00e8 nato \u2013 ha detto il prorettore Guerino D&#8217;Ignazio, che ha la delega all&#8217;internazionalizzazione \u2013 con l&#8217;obiettivo di far vivere insieme studenti e docenti. Non solo nelle aule, ma anche al di fuori. Il centro residenziale \u00e8 una colonna portante dell&#8217;ateneo e oggi ci aiuta a rafforzare il carattere internazionale dell&#8217;Unical. E la nuova gestione sta marcando, anche su questo aspetto, un cambiamento\u201d.<\/p>\n<p>&nbsp;<\/p>\n<p>Continua intanto il lavoro per migliorare i servizi. Per l&#8217;avvio del nuovo anno accademico si conta di inaugurare il nuovo centro servizi, a settembre sar\u00e0 pronta \u2013 ha ricordato Santolla \u2013 la nuova mensa delle Maisonettes, si stanno ristrutturando gli alloggi, sempre del complesso delle Maisonettes e si cercano di contenere le tariffe: quelle del Socrates, ad esempio, sono state ridotte.La festa \u00e8 gi\u00e0 iniziata con una cena etnica organizzata presso le residenze Martensson dalla comunit\u00e0 africana del campus e la proiezione ieri dell&#8217;esordio dell&#8217;Italia ai Mondiali contro l&#8217;Inghilterra. Spettacoli e momenti di intrattenimento si terranno fino alla grande giornata del 19 giugno, che prevede stand etnici e del gruppo d&#8217;acquisto solidale, il convegno (dalle 17 alla Caldora), spettacoli e il taglio della torta.<\/p>\n","protected":false},"excerpt":{"rendered":"<p>RENDE (CS) &#8211; Un ateneo speciale, un ateneo nato e cresciuto negli anni con le caratteristiche del campus non poteva non festeggiare la nascita del suo Centro residenziale.<\/p>\n","protected":false},"author":22,"featured_media":33944,"comment_status":"open","ping_status":"open","sticky":false,"template":"","format":"standard","meta":{"_acf_changed":false,"footnotes":"","jetpack_publicize_message":"","jetpack_publicize_feature_enabled":true,"jetpack_social_post_already_shared":false,"jetpack_social_options":{"image_generator_settings":{"template":"highway","default_image_id":0,"font":"","enabled":false},"version":2}},"categories":[548,7],"tags":[],"class_list":["post-33943","post","type-post","status-publish","format-standard","has-post-thumbnail","hentry","category-archivio-storico-news","category-universita"],"acf":[],"jetpack_publicize_connections":[],"_links":{"self":[{"href":"https:\/\/quicosenza.it\/news\/wp-json\/wp\/v2\/posts\/33943","targetHints":{"allow":["GET"]}}],"collection":[{"href":"https:\/\/quicosenza.it\/news\/wp-json\/wp\/v2\/posts"}],"about":[{"href":"https:\/\/quicosenza.it\/news\/wp-json\/wp\/v2\/types\/post"}],"author":[{"embeddable":true,"href":"https:\/\/quicosenza.it\/news\/wp-json\/wp\/v2\/users\/22"}],"replies":[{"embeddable":true,"href":"https:\/\/quicosenza.it\/news\/wp-json\/wp\/v2\/comments?post=33943"}],"version-history":[{"count":0,"href":"https:\/\/quicosenza.it\/news\/wp-json\/wp\/v2\/posts\/33943\/revisions"}],"wp:featuredmedia":[{"embeddable":true,"href":"https:\/\/quicosenza.it\/news\/wp-json\/wp\/v2\/media\/33944"}],"wp:attachment":[{"href":"https:\/\/quicosenza.it\/news\/wp-json\/wp\/v2\/media?parent=33943"}],"wp:term":[{"taxonomy":"category","embeddable":true,"href":"https:\/\/quicosenza.it\/news\/wp-json\/wp\/v2\/categories?post=33943"},{"taxonomy":"post_tag","embeddable":true,"href":"https:\/\/quicosenza.it\/news\/wp-json\/wp\/v2\/tags?post=33943"}],"curies":[{"name":"wp","href":"https:\/\/api.w.org\/{rel}","templated":true}]}}