{"id":38459,"date":"2014-11-29T07:23:41","date_gmt":"2014-11-29T06:23:41","guid":{"rendered":"https:\/\/www.quicosenza.it\/news\/cus-unical-il-rettore-crisci-fiore-all-occhiello-dell-ateneo\/"},"modified":"2023-01-17T13:01:15","modified_gmt":"2023-01-17T12:01:15","slug":"17009-cus-unical-il-rettore-crisci-fiore-all-occhiello-dell-ateneo","status":"publish","type":"post","link":"https:\/\/quicosenza.it\/news\/17009-cus-unical-il-rettore-crisci-fiore-all-occhiello-dell-ateneo\/","title":{"rendered":"CUS Unical, il rettore Crisci: &#8216;fiore all&#8217;occhiello dell&#8217;Ateneo&#8217;"},"content":{"rendered":"<p>RENDE (CS) &#8211; Conta duemila tesserati ed un\u2019attivit\u00e0 sportiva, amatoriale ed agonistica, in grandissima crescita.<\/p>\n<p>  <!--more-->  <\/p>\n<p>Il Centro Sportivo dell\u2019Universit\u00e0 della Calabria \u00e8 una realt\u00e0 con una forte valenza strategica soprattutto in relazione agli obiettivi che l\u2019attuale governance dell\u2019Ateneo intende perseguire. Il punto sull\u2019attivit\u00e0 del Cus \u00e8 stato fatto nella sala \u201cARTI\u201d del Centro sportivo nel corso di una conferenza stampa alla quale hanno partecipato il rettore, Gino Mirocle Crisci, il presidente del Cus, Arcangelo Francesco Violo e il prorettore del Centro residenziale, Luigino Filice. All&#8217;Iniziativa hanno preso parte anche il Maestro federale di tennis Fabio Aloe e Claudio Perruzza, segretario della Federazione Italiana Rugby.<\/p>\n<p>&#8220;Siamo orgogliosi del Cus \u2013 ha spiegato <strong>il rettore Crisci<\/strong> \u2013perch\u00e9 \u00e8 una struttura che consente ai nostri studenti di svolgere quella attivit\u00e0 sportiva fondamentale per il benessere psico\u2010fisico ed utilissima per socializzare in un ambiente sano. Faremo di tutto per sviluppare sempre di pi\u00f9 questo settore. Mi piace, inoltre, pensare in grande &#8211; ha aggiunto il rettore &#8211; immaginando squadre dell\u2019Unicalche possano competere in campo agonistico ad altissimo livello contribuendo alla promozione di un\u2019 immagine positiva del Campus&#8221;.<\/p>\n<p>&nbsp;<\/p>\n<\/p>\n<p>&nbsp;<\/p>\n<p>Sulla stessa linea il prorettore delegato al centro residenziale,<strong> Luigino Filice<\/strong>, che ha posto l\u2019accento sui recenti provvedimenti assunti dall\u2019Unical che permetteranno di sviluppare il talento sportivo degli studenti attraverso un meccanismo meritocratico che avvicina l\u2019Ateneo al sistemi premiali di matrice anglosassone. L\u2019attivit\u00e0 del Cus \u00e8 stata illustrata dal presidente, Arcangelo Francesco Violo, che ha evidenziato il forte impulso che \u00e8 stato dato recentemente all\u2019attivit\u00e0 sportiva giovanile.<\/p>\n<p>Il Maestro Federale di tennis, <strong>Fabio Aloeha,<\/strong> invece, sottolineato l\u2019importanza della socializzazione nell\u2019ambito della pratica sportiva. Ha chiuso l\u2019iniziativa il segretario regionale della Federazione Italiana Rugby, <strong>Claudio Perruzza<\/strong> che , dopo aver ricordato le caratteristiche del rugby come disciplina sportiva fortemente educativa, non ha mancato di complimentarsi per la bellezza e la funzionalit\u00e0 delle strutture sportive del Cus. &#8220;Ho potuto verificare \u2013 ha spiegato \u2013 che le cose all\u2019Unical si fanno seriamente e, dunque, almeno per il rugby, settore di cui mi occupo, auspico che si possa arrivare ad altissimi livelli, diventando unpunto di riferimento dell\u2019intero movimento rugbistico regionale. Lepremesse, per fare bene, ci sono tutte&#8221;.<\/p>\n","protected":false},"excerpt":{"rendered":"<p>RENDE (CS) &#8211; Conta duemila tesserati ed un\u2019attivit\u00e0 sportiva, amatoriale ed agonistica, in grandissima crescita.<\/p>\n","protected":false},"author":22,"featured_media":38460,"comment_status":"open","ping_status":"open","sticky":false,"template":"","format":"standard","meta":{"_acf_changed":false,"footnotes":"","jetpack_publicize_message":"","jetpack_publicize_feature_enabled":true,"jetpack_social_post_already_shared":false,"jetpack_social_options":{"image_generator_settings":{"template":"highway","default_image_id":0,"font":"","enabled":false},"version":2}},"categories":[548,7],"tags":[],"class_list":["post-38459","post","type-post","status-publish","format-standard","has-post-thumbnail","hentry","category-archivio-storico-news","category-universita"],"acf":[],"jetpack_publicize_connections":[],"_links":{"self":[{"href":"https:\/\/quicosenza.it\/news\/wp-json\/wp\/v2\/posts\/38459","targetHints":{"allow":["GET"]}}],"collection":[{"href":"https:\/\/quicosenza.it\/news\/wp-json\/wp\/v2\/posts"}],"about":[{"href":"https:\/\/quicosenza.it\/news\/wp-json\/wp\/v2\/types\/post"}],"author":[{"embeddable":true,"href":"https:\/\/quicosenza.it\/news\/wp-json\/wp\/v2\/users\/22"}],"replies":[{"embeddable":true,"href":"https:\/\/quicosenza.it\/news\/wp-json\/wp\/v2\/comments?post=38459"}],"version-history":[{"count":0,"href":"https:\/\/quicosenza.it\/news\/wp-json\/wp\/v2\/posts\/38459\/revisions"}],"wp:featuredmedia":[{"embeddable":true,"href":"https:\/\/quicosenza.it\/news\/wp-json\/wp\/v2\/media\/38460"}],"wp:attachment":[{"href":"https:\/\/quicosenza.it\/news\/wp-json\/wp\/v2\/media?parent=38459"}],"wp:term":[{"taxonomy":"category","embeddable":true,"href":"https:\/\/quicosenza.it\/news\/wp-json\/wp\/v2\/categories?post=38459"},{"taxonomy":"post_tag","embeddable":true,"href":"https:\/\/quicosenza.it\/news\/wp-json\/wp\/v2\/tags?post=38459"}],"curies":[{"name":"wp","href":"https:\/\/api.w.org\/{rel}","templated":true}]}}