{"id":3874,"date":"2012-09-18T09:27:32","date_gmt":"2012-09-18T07:27:32","guid":{"rendered":"https:\/\/www.quicosenza.it\/news\/?p=3874"},"modified":"2023-01-17T13:36:53","modified_gmt":"2023-01-17T12:36:53","slug":"986-fabio-ciccimarra-il-bravo-funzionario-licenziato-dallo-stato","status":"publish","type":"post","link":"https:\/\/quicosenza.it\/news\/986-fabio-ciccimarra-il-bravo-funzionario-licenziato-dallo-stato\/","title":{"rendered":"Fabio Ciccimarra: il funzionario &#8220;licenziato&#8221; dallo Stato"},"content":{"rendered":"<p style=\"text-align: justify;\"><strong>COSENZA &#8211;<\/strong> Licenziato dallo Stato. Dallo scorso mese di luglio, Fabio Ciccimarra, professione &#8220;sbirro&#8221;, napoletano di nascita, ex capo della squadra Mobile di Vibo Valentia, Latina, Cosenza e L&#8217;Aquila, ha &#8220;appeso al chiodo&#8221; distintivo e pistola, non per una sua scelta, ma per l&#8217;imposizione dello Stato.<\/p>\n<p>  <!--more-->  <\/p>\n<p style=\"text-align: justify;\">A seguito del verdetto di colpevolezza, scritto ai suoi danni dai magistrati della Corte di Cassazione, in relazione ai fatti di Genova. Per quei fatti, relativi come si ricorder\u00e0 al G8, \u00e8 stato condannato a tre anni e otto mesi di reclusione con la interdizione dai pubblici uffici per cinque anni. Per i tre anni, sia perch\u00e9 beneficiario dell&#8217;indulto, sia perch\u00e9 la sua fedina penale era immacolata, nessuna conseguenza. Per gli otto mesi, invece, si. Li dovr\u00e0 scontare tra arresti domiciliari e servizi sociali. Per il funzionario di polizia, il giorno della sospensione dalla &#8220;sua&#8221; forza dell&#8217;ordine preferita \u00e8 stato traumatico, se non, comprensibilmente, doloroso. Non si aspettava, infatti, di scrivere l&#8217;epilogo di questa brutta storia che l&#8217;ha visto protagonista, con questo finale davvero triste. Dopo 20 anni di onorato servizio, caratterizzato da una carriera, costellata di grandi successi investigativi e di meritate promozioni sul campo che, l&#8217;hanno visto scalare le &#8220;vette&#8221; gerarchiche. Una condanna che, purtroppo, per lui, non solo macchia la sua carriera ma anche la possibilit\u00e0 di nuovi successi, personali e professionali. Fabio Ciccimarra, prima di essere uno &#8220;sbirro&#8221;, \u00e8 figlio e fratello di &#8220;sbirri&#8221;. Il padre \u00e8 stato dirigente della Digos negli anni dell&#8217; offensiva terroristica e il fratello \u00e8 in servizio alla questura di Milano. Saputa la sospensione, Ciccimarra ha preferito non rilasciare dichiarazioni pubbliche, preferendo commentare in silenzio il verdetto di condanna emesso dagli &#8220;ermellini&#8221; della Cassazione. A qualche amico ha confessato di \u00abho chiuso un capitolo, ne aprir\u00f2 un altro, molto probabilmente cercando lavoro nel settore privato\u00bb.<\/p>\n","protected":false},"excerpt":{"rendered":"<p>COSENZA &#8211; Licenziato dallo Stato. Dallo scorso mese di luglio, Fabio Ciccimarra, professione &#8220;sbirro&#8221;, napoletano di nascita, ex capo della squadra Mobile di Vibo Valentia, Latina, Cosenza e L&#8217;Aquila, ha &#8220;appeso al chiodo&#8221; distintivo e pistola, non per una sua scelta, ma per l&#8217;imposizione dello Stato.<\/p>\n","protected":false},"author":22,"featured_media":1670,"comment_status":"open","ping_status":"open","sticky":false,"template":"","format":"standard","meta":{"_acf_changed":false,"footnotes":"","jetpack_publicize_message":"","jetpack_publicize_feature_enabled":true,"jetpack_social_post_already_shared":false,"jetpack_social_options":{"image_generator_settings":{"template":"highway","default_image_id":0,"font":"","enabled":false},"version":2}},"categories":[548,16,5],"tags":[],"class_list":["post-3874","post","type-post","status-publish","format-standard","has-post-thumbnail","hentry","category-archivio-storico-news","category-italia","category-old"],"acf":[],"jetpack_publicize_connections":[],"_links":{"self":[{"href":"https:\/\/quicosenza.it\/news\/wp-json\/wp\/v2\/posts\/3874","targetHints":{"allow":["GET"]}}],"collection":[{"href":"https:\/\/quicosenza.it\/news\/wp-json\/wp\/v2\/posts"}],"about":[{"href":"https:\/\/quicosenza.it\/news\/wp-json\/wp\/v2\/types\/post"}],"author":[{"embeddable":true,"href":"https:\/\/quicosenza.it\/news\/wp-json\/wp\/v2\/users\/22"}],"replies":[{"embeddable":true,"href":"https:\/\/quicosenza.it\/news\/wp-json\/wp\/v2\/comments?post=3874"}],"version-history":[{"count":0,"href":"https:\/\/quicosenza.it\/news\/wp-json\/wp\/v2\/posts\/3874\/revisions"}],"wp:featuredmedia":[{"embeddable":true,"href":"https:\/\/quicosenza.it\/news\/wp-json\/wp\/v2\/media\/1670"}],"wp:attachment":[{"href":"https:\/\/quicosenza.it\/news\/wp-json\/wp\/v2\/media?parent=3874"}],"wp:term":[{"taxonomy":"category","embeddable":true,"href":"https:\/\/quicosenza.it\/news\/wp-json\/wp\/v2\/categories?post=3874"},{"taxonomy":"post_tag","embeddable":true,"href":"https:\/\/quicosenza.it\/news\/wp-json\/wp\/v2\/tags?post=3874"}],"curies":[{"name":"wp","href":"https:\/\/api.w.org\/{rel}","templated":true}]}}