{"id":48147,"date":"2015-10-07T14:28:20","date_gmt":"2015-10-07T12:28:20","guid":{"rendered":"https:\/\/www.quicosenza.it\/news\/senza-categoria\/allunical-torna-ragionar-poetando-la-poesia-calabrese-in-compagnia-di-franco-calomino\/"},"modified":"2023-01-17T12:39:47","modified_gmt":"2023-01-17T11:39:47","slug":"54498-allunical-torna-ragionar-poetando-la-poesia-calabrese-in-compagnia-di-franco-calomino","status":"publish","type":"post","link":"https:\/\/quicosenza.it\/news\/54498-allunical-torna-ragionar-poetando-la-poesia-calabrese-in-compagnia-di-franco-calomino\/","title":{"rendered":"All&#8217;Unical torna &#8221;Ragionar poetando&#8221;: la poesia calabrese in compagnia di Franco Calomino"},"content":{"rendered":"<h4><strong>Si terr\u00e0\u00a0domani, gioved\u00ec 8 ottobre alle 18,30 al Cag &#8220;C&#8221; dell&#8217;Universit\u00e0 della Calabria, l&#8217;iniziativa &#8220;Ragionar poetando&#8221;organizzata dall&#8217;associazione Quinta Scenica.<\/strong><!--more--><\/h4>\n<p>&nbsp;<\/p>\n<p>RENDE (CS) -Dopo la prima giornata dedicata a Donnu Pantu, sul quale ha relazionato Franco Ciacco, domani si discuter\u00e0 di Franchinu u funtanaru insieme al suo alter ego, Franco Calomino, autore di diverse raccolte di poesie e di un musical &#8220;A furtuna&#8221; andato in scena al\u00a0teatro Rendano nel 2008 per la regia di Graziano Olivieri.\u00a0Calomino, intervistato dal presidente di Quinta Scenica, Alessandro Chiappetta, <strong>parler\u00e0 dei suoi libri, della sua attivit\u00e0 poetica e legger\u00e0 alcuni dei suoi versi<\/strong>.<br \/>\nRagionar poetando si concluder\u00e0 gioved\u00ec 15 ottobre con Francesco De Marco che parler\u00e0 di suo zio, Ciccio De Marco, e di suo nonno, il grande Ciardullo.<\/p>\n","protected":false},"excerpt":{"rendered":"<p>Si terr\u00e0\u00a0domani, gioved\u00ec 8 ottobre alle 18,30 al Cag &#8220;C&#8221; dell&#8217;Universit\u00e0 della Calabria, l&#8217;iniziativa &#8220;Ragionar poetando&#8221;organizzata dall&#8217;associazione Quinta Scenica.<\/p>\n","protected":false},"author":22,"featured_media":48148,"comment_status":"open","ping_status":"open","sticky":false,"template":"","format":"standard","meta":{"_acf_changed":false,"footnotes":"","jetpack_publicize_message":"","jetpack_publicize_feature_enabled":true,"jetpack_social_post_already_shared":false,"jetpack_social_options":{"image_generator_settings":{"template":"highway","default_image_id":0,"font":"","enabled":false},"version":2}},"categories":[548,7],"tags":[],"class_list":["post-48147","post","type-post","status-publish","format-standard","has-post-thumbnail","hentry","category-archivio-storico-news","category-universita"],"acf":[],"jetpack_publicize_connections":[],"_links":{"self":[{"href":"https:\/\/quicosenza.it\/news\/wp-json\/wp\/v2\/posts\/48147","targetHints":{"allow":["GET"]}}],"collection":[{"href":"https:\/\/quicosenza.it\/news\/wp-json\/wp\/v2\/posts"}],"about":[{"href":"https:\/\/quicosenza.it\/news\/wp-json\/wp\/v2\/types\/post"}],"author":[{"embeddable":true,"href":"https:\/\/quicosenza.it\/news\/wp-json\/wp\/v2\/users\/22"}],"replies":[{"embeddable":true,"href":"https:\/\/quicosenza.it\/news\/wp-json\/wp\/v2\/comments?post=48147"}],"version-history":[{"count":0,"href":"https:\/\/quicosenza.it\/news\/wp-json\/wp\/v2\/posts\/48147\/revisions"}],"wp:featuredmedia":[{"embeddable":true,"href":"https:\/\/quicosenza.it\/news\/wp-json\/wp\/v2\/media\/48148"}],"wp:attachment":[{"href":"https:\/\/quicosenza.it\/news\/wp-json\/wp\/v2\/media?parent=48147"}],"wp:term":[{"taxonomy":"category","embeddable":true,"href":"https:\/\/quicosenza.it\/news\/wp-json\/wp\/v2\/categories?post=48147"},{"taxonomy":"post_tag","embeddable":true,"href":"https:\/\/quicosenza.it\/news\/wp-json\/wp\/v2\/tags?post=48147"}],"curies":[{"name":"wp","href":"https:\/\/api.w.org\/{rel}","templated":true}]}}