{"id":48165,"date":"2015-10-08T15:05:20","date_gmt":"2015-10-08T13:05:20","guid":{"rendered":"https:\/\/www.quicosenza.it\/news\/senza-categoria\/cosenza-manifestera-contro-renzi-a-catanzaro-viene-intimato-agli-studenti-di-non-partecipare\/"},"modified":"2023-01-17T12:39:49","modified_gmt":"2023-01-17T11:39:49","slug":"54586-cosenza-manifestera-contro-renzi-a-catanzaro-viene-intimato-agli-studenti-di-non-partecipare","status":"publish","type":"post","link":"https:\/\/quicosenza.it\/news\/54586-cosenza-manifestera-contro-renzi-a-catanzaro-viene-intimato-agli-studenti-di-non-partecipare\/","title":{"rendered":"Cosenza manifester\u00e0 contro Renzi, a Catanzaro viene intimato agli studenti di non partecipare"},"content":{"rendered":"<h4>Ancora la Riforma Renzi-Giannini non \u00e9 andata a regime, che gi\u00e0 se ne scorgono le tristi conseguenze.<\/h4>\n<p><!--more--><br \/>\n&nbsp;<\/p>\n<p style=\"text-align: justify;\">COSENZA &#8211; &#8220;Sempre pi\u00f9 alunni vengono a cercarci per denunciare atti intimidatori della libert\u00e0 di manifestare i propri pensieri nelle scuole. Ci \u00e9 giunta segnalazione &#8211; scrive in una nota il\u00a0Comitato per la scuola della Repubblica di Catanzaro e provincia &#8211;\u00a0che Dirigenti e<strong> docenti di alcuni istituti di Catanzaro minaccerebbero i ragazzi di provvedimenti disciplinari, qualora partecipassero alla manifestazione del 9 ottobre contro la Riforma.<\/strong> Fra tutti spicca il Liceo di Scienze umane De Nobili.\u00a0Triste capitolo per la scuola italiana questo della legge 107, che riduce il pluralismo che contraddistingueva l&#8217;istituzione scolastica alla truffa ideologica del Pensiero Unico, quello di chi detiene e gestisce il potere. La cosa grave \u00e9 che operatori del settore, docenti o ex docenti (dirigenti) legati ad un&#8217;etica professionale di educatori si sentano oggi tanto precari e sotto scacco da perpetrare una simile minaccia ai danni dei propri studenti, abusando del loro ruolo.<\/p>\n<p>&nbsp;<\/p>\n<p style=\"text-align: justify;\">Fa parte della natura umana: chi \u00e9 abusato, abusa a sua volta. Se perseguiamo la nostra etica professionale illuminati dalla luce della Costituzione, nessun abuso potr\u00e0 attecchire e le maglie di questa iniqua catena salteranno miseramente. Noi saremo vigili e pronti a ricevere informazioni dagli studenti per restituire alle ragioni dei deboli la voce spenta dalla prepotenza dei forti, adempiendo cos\u00ec a quei doveri etici della classe docente, ai quali alcuni hanno creduto di rinunciare forse per paura, forse (ce lo auguriamo) per un malinteso senso del loro ruolo&#8221;. <strong>Intanto a Cosenza il Movimento docenti autoconvocati Insegnanticalabresi PSP- Partigiani della Scuola Pubblica, aderiranno al sit-in previsto per sabato 17 ottobre a piazza XI Settembre a Cosenza a partire dalle\u00a0<\/strong><strong>17\u00a0<\/strong>in occasione della Giornata Mondiale contro la povert\u00e0. Un evento che\u00a0intende sostenere il reddito di dignit\u00e0 per le persone, al di fuori di strumentalizzazioni partitiche. Considerato che il principio da cui non si pu\u00f2 pi\u00f9 prescindere \u00e8 l&#8217;unificazione della lotta per i diritti tutti, il mondo della scuola parteciper\u00e0 attivamente all&#8217;evento coinvolgendo alunni e famiglie.<\/p>\n<p>&nbsp;<\/p>\n","protected":false},"excerpt":{"rendered":"<p>Ancora la Riforma Renzi-Giannini non \u00e9 andata a regime, che gi\u00e0 se ne scorgono le tristi conseguenze.<\/p>\n","protected":false},"author":22,"featured_media":48166,"comment_status":"open","ping_status":"open","sticky":false,"template":"","format":"standard","meta":{"_acf_changed":false,"footnotes":"","jetpack_publicize_message":"","jetpack_publicize_feature_enabled":true,"jetpack_social_post_already_shared":false,"jetpack_social_options":{"image_generator_settings":{"template":"highway","default_image_id":0,"font":"","enabled":false},"version":2}},"categories":[548,563,42],"tags":[],"class_list":["post-48165","post","type-post","status-publish","format-standard","has-post-thumbnail","hentry","category-archivio-storico-news","category-area-urbana","category-cosenza"],"acf":[],"jetpack_publicize_connections":[],"_links":{"self":[{"href":"https:\/\/quicosenza.it\/news\/wp-json\/wp\/v2\/posts\/48165","targetHints":{"allow":["GET"]}}],"collection":[{"href":"https:\/\/quicosenza.it\/news\/wp-json\/wp\/v2\/posts"}],"about":[{"href":"https:\/\/quicosenza.it\/news\/wp-json\/wp\/v2\/types\/post"}],"author":[{"embeddable":true,"href":"https:\/\/quicosenza.it\/news\/wp-json\/wp\/v2\/users\/22"}],"replies":[{"embeddable":true,"href":"https:\/\/quicosenza.it\/news\/wp-json\/wp\/v2\/comments?post=48165"}],"version-history":[{"count":0,"href":"https:\/\/quicosenza.it\/news\/wp-json\/wp\/v2\/posts\/48165\/revisions"}],"wp:featuredmedia":[{"embeddable":true,"href":"https:\/\/quicosenza.it\/news\/wp-json\/wp\/v2\/media\/48166"}],"wp:attachment":[{"href":"https:\/\/quicosenza.it\/news\/wp-json\/wp\/v2\/media?parent=48165"}],"wp:term":[{"taxonomy":"category","embeddable":true,"href":"https:\/\/quicosenza.it\/news\/wp-json\/wp\/v2\/categories?post=48165"},{"taxonomy":"post_tag","embeddable":true,"href":"https:\/\/quicosenza.it\/news\/wp-json\/wp\/v2\/tags?post=48165"}],"curies":[{"name":"wp","href":"https:\/\/api.w.org\/{rel}","templated":true}]}}