{"id":48191,"date":"2015-10-09T05:01:58","date_gmt":"2015-10-09T03:01:58","guid":{"rendered":"https:\/\/www.quicosenza.it\/news\/senza-categoria\/processo-rango-zingari-occhiuto-replica-comune-e-provincia-si-costituiranno-parte-civile\/"},"modified":"2023-01-17T12:39:49","modified_gmt":"2023-01-17T11:39:49","slug":"54705-processo-rango-zingari-occhiuto-replica-comune-e-provincia-si-costituiranno-parte-civile","status":"publish","type":"post","link":"https:\/\/quicosenza.it\/news\/54705-processo-rango-zingari-occhiuto-replica-comune-e-provincia-si-costituiranno-parte-civile\/","title":{"rendered":"Processo Rango Zingari, Occhiuto replica: &#8220;Comune e Provincia si costituiranno parte civile&#8221;"},"content":{"rendered":"<h4><strong>Ha diffuso una nota in serata Mario Occhiuto, sindaco di Cosenza e presidente della Provincia per chiarire quanto emerso dagli organi di stampa<\/strong>.<\/h4>\n<p><!--more--><\/p>\n<p>COSENZA &#8211; &#8220;In relazione alle notizie con le quali si rappresenta che n\u00e9 il Comune di Cosenza n\u00e9 la Provincia di Cosenza, si sono costituiti parte civile nel processo &#8216;Rango Zingari&#8217;, faccio presente, a seguito di verifica presso i settori legali dei due enti, che n\u00e9 il Comune n\u00e9 la Provincia hanno ricevuto la notifica, e quindi conoscenza, della fissazione della udienza preliminare, onde potersi costituire Parte civile&#8221;.\u00a0&#8220;Ad ogni modo l&#8217;ente che abbia comunque avuto conoscenza dell&#8217;inizio di un processo dove riveste la qualit\u00e0 di persona offesa &#8211; prosegue Occhiuto &#8211; pu\u00f2 ugualmente costituirsi parte civile, nonostante non avvisata formalmente, fino all&#8217;apertura del dibattimento.Per tale motivo, grazie alle notizie riportate, avendo ora conoscenza dell&#8217;inizio del procedimento penale suddetto, Comune di Cosenza e Provincia di Cosenza si costituiranno parte civile, essendo nei termini per farlo fino all&#8217;apertura del dibattimento&#8221;.<\/p>\n<p>&#8220;Per tale motivo alla<strong> prossima udienza fissata il 14 ottobre<\/strong> <strong>ci costituiremo parte civile,<\/strong> come d&#8217;altronde abbiamo sempre fatto quando abbiamo avuto conoscenza di processi avente ad oggetto reati di mafia e ambientali&#8221;. &#8220;Approfitto della circostanza &#8211; prosegue ancora Occhiuto &#8211; per ricordare, ove ve ne fosse bisogno, che l&#8217;azione politico-amministrativa durante il mandato del sottoscritto \u00e8 sempre stata caratterizzata da atti a difesa della legalit\u00e0 e indirizzati proprio ad una evidente antimafiosit\u00e0. Basti citare ad esempio la rivoluzione effettuata nell&#8217;ambito delle Cooperative di tipo B per la cui riorganizzazione ci siamo avvalsi del supporto della Prefettura richiedendo subito la certificazione antimafia ed espletando le relative gare pubbliche anzich\u00e9 ricorrere ad affidamenti diretti com&#8217;era sempre avvenuto in passato&#8221;.<\/p>\n","protected":false},"excerpt":{"rendered":"<p>Ha diffuso una nota in serata Mario Occhiuto, sindaco di Cosenza e presidente della Provincia per chiarire quanto emerso dagli organi di stampa.<\/p>\n","protected":false},"author":22,"featured_media":45099,"comment_status":"open","ping_status":"open","sticky":false,"template":"","format":"standard","meta":{"_acf_changed":false,"footnotes":"","jetpack_publicize_message":"","jetpack_publicize_feature_enabled":true,"jetpack_social_post_already_shared":false,"jetpack_social_options":{"image_generator_settings":{"template":"highway","default_image_id":0,"font":"","enabled":false},"version":2}},"categories":[548,563,42],"tags":[],"class_list":["post-48191","post","type-post","status-publish","format-standard","has-post-thumbnail","hentry","category-archivio-storico-news","category-area-urbana","category-cosenza"],"acf":[],"jetpack_publicize_connections":[],"_links":{"self":[{"href":"https:\/\/quicosenza.it\/news\/wp-json\/wp\/v2\/posts\/48191","targetHints":{"allow":["GET"]}}],"collection":[{"href":"https:\/\/quicosenza.it\/news\/wp-json\/wp\/v2\/posts"}],"about":[{"href":"https:\/\/quicosenza.it\/news\/wp-json\/wp\/v2\/types\/post"}],"author":[{"embeddable":true,"href":"https:\/\/quicosenza.it\/news\/wp-json\/wp\/v2\/users\/22"}],"replies":[{"embeddable":true,"href":"https:\/\/quicosenza.it\/news\/wp-json\/wp\/v2\/comments?post=48191"}],"version-history":[{"count":0,"href":"https:\/\/quicosenza.it\/news\/wp-json\/wp\/v2\/posts\/48191\/revisions"}],"wp:featuredmedia":[{"embeddable":true,"href":"https:\/\/quicosenza.it\/news\/wp-json\/wp\/v2\/media\/45099"}],"wp:attachment":[{"href":"https:\/\/quicosenza.it\/news\/wp-json\/wp\/v2\/media?parent=48191"}],"wp:term":[{"taxonomy":"category","embeddable":true,"href":"https:\/\/quicosenza.it\/news\/wp-json\/wp\/v2\/categories?post=48191"},{"taxonomy":"post_tag","embeddable":true,"href":"https:\/\/quicosenza.it\/news\/wp-json\/wp\/v2\/tags?post=48191"}],"curies":[{"name":"wp","href":"https:\/\/api.w.org\/{rel}","templated":true}]}}