{"id":48205,"date":"2015-10-09T09:56:15","date_gmt":"2015-10-09T07:56:15","guid":{"rendered":"https:\/\/www.quicosenza.it\/news\/senza-categoria\/gli-operai-dellenel-ancora-sulla-ciminiera-nonostante-la-convocazione-di-un-incontro-alla-regione-e-linvito-del-vescovo\/"},"modified":"2023-01-17T12:39:51","modified_gmt":"2023-01-17T11:39:51","slug":"54737-gli-operai-dellenel-ancora-sulla-ciminiera-nonostante-la-convocazione-di-un-incontro-alla-regione-e-linvito-del-vescovo","status":"publish","type":"post","link":"https:\/\/quicosenza.it\/news\/54737-gli-operai-dellenel-ancora-sulla-ciminiera-nonostante-la-convocazione-di-un-incontro-alla-regione-e-linvito-del-vescovo\/","title":{"rendered":"Gli operai dell&#8217;Enel ancora sulla ciminiera nonostante la convocazione di un incontro alla Regione e l&#8217;invito del vescovo"},"content":{"rendered":"<h4><strong>Non \u00e8 servito \u00a0l&#8217;invito dell&#8217;arcivescovo di Rossano-Cariati, mons. Giuseppe Satriano, a far desistere i sei operai che da mercoled\u00ec si trovano sulla ciminiera a 60 metri d&#8217;altezza per protestare contro la decisione di Enel di dismettere la centrale termoelettrica di Rossano<\/strong>.<\/h4>\n<p><!--more--><\/p>\n<p>ROSSANO (CS) &#8211; Monsignor Satriano ha espresso la sua solidariet\u00e0 ai sei operai ed ha raggiunto telefonicamente uno di loro invitandolo a scendere insieme ai colleghi in vista dell&#8217;incontro che ci sar\u00e0 luned\u00ec prossimo a Catanzaro, convocato dal presidente della regione. L&#8217;operaio ha per\u00f2 fatto sapere che non \u00e8 intenzione di nessuno di loro interrompere la protesta.\u00a0I 6 sono\u00a0dipendenti di un&#8217;impresa di manutenzione che opera nell&#8217;indotto per conto della societ\u00e0 elettrica e che a fine anno potrebbero essere licenziati se l&#8217;Enel non rinnovasse il contratto con la loro ditta. La protesta, secondo quanto fanno sapere i lavoratori, continuer\u00e0 a oltranza fino a quando non sar\u00e0 trovata una soluzione positiva per la vicenda.<\/p>\n<div id=\"attachment_54748\" style=\"width: 559px\" class=\"wp-caption aligncenter\"><img loading=\"lazy\" decoding=\"async\" aria-describedby=\"caption-attachment-54748\" class=\" wp-image-54748\" src=\"http:\/\/www.quicosenza.it\/news\/wp-content\/uploads\/2015\/10\/Operai-sulla-ciminiera.jpg\" alt=\"Gli operai sulla ciminiera a 160 metri di altezza\" width=\"549\" height=\"307\" title=\"\"><p id=\"caption-attachment-54748\" class=\"wp-caption-text\"><strong>Gli operai sulla ciminiera a 60 metri di altezza<\/strong><\/p><\/div>\n<p>Sulla vertenza ieri a Rossano ieri si \u00e8 svolta una riunione fiume alla quale hanno partecipato i rappresentati delle organizzazioni sindacali, una delegazioni dell&#8217;Enel ed il sindaco, Giuseppe Antoniotti. Nel corso della riunione l&#8217;azienda ha illustrato la sua posizione. Intanto il presidente della Regione, Mario Oliverio, ha convocato per luned\u00ec a Catanzaro un l&#8217;incontro tra l&#8217;Enel, i rappresentanti sindacali ed il sindaco di Rossano, Giuseppe Antoniotti per discutere del futuro occupazionale degli operai addetti alla manutenzione della centrale termoelettrica Enel.<\/p>\n","protected":false},"excerpt":{"rendered":"<p>Non \u00e8 servito \u00a0l&#8217;invito dell&#8217;arcivescovo di Rossano-Cariati, mons. Giuseppe Satriano, a far desistere i sei operai che da mercoled\u00ec si trovano sulla ciminiera a 60 metri d&#8217;altezza per protestare contro la decisione di Enel di dismettere la centrale termoelettrica di Rossano.<\/p>\n","protected":false},"author":22,"featured_media":48206,"comment_status":"open","ping_status":"open","sticky":false,"template":"","format":"standard","meta":{"_acf_changed":false,"footnotes":"","jetpack_publicize_message":"","jetpack_publicize_feature_enabled":true,"jetpack_social_post_already_shared":false,"jetpack_social_options":{"image_generator_settings":{"template":"highway","default_image_id":0,"font":"","enabled":false},"version":2}},"categories":[548,28],"tags":[],"class_list":["post-48205","post","type-post","status-publish","format-standard","has-post-thumbnail","hentry","category-archivio-storico-news","category-provincia"],"acf":[],"jetpack_publicize_connections":[],"_links":{"self":[{"href":"https:\/\/quicosenza.it\/news\/wp-json\/wp\/v2\/posts\/48205","targetHints":{"allow":["GET"]}}],"collection":[{"href":"https:\/\/quicosenza.it\/news\/wp-json\/wp\/v2\/posts"}],"about":[{"href":"https:\/\/quicosenza.it\/news\/wp-json\/wp\/v2\/types\/post"}],"author":[{"embeddable":true,"href":"https:\/\/quicosenza.it\/news\/wp-json\/wp\/v2\/users\/22"}],"replies":[{"embeddable":true,"href":"https:\/\/quicosenza.it\/news\/wp-json\/wp\/v2\/comments?post=48205"}],"version-history":[{"count":0,"href":"https:\/\/quicosenza.it\/news\/wp-json\/wp\/v2\/posts\/48205\/revisions"}],"wp:featuredmedia":[{"embeddable":true,"href":"https:\/\/quicosenza.it\/news\/wp-json\/wp\/v2\/media\/48206"}],"wp:attachment":[{"href":"https:\/\/quicosenza.it\/news\/wp-json\/wp\/v2\/media?parent=48205"}],"wp:term":[{"taxonomy":"category","embeddable":true,"href":"https:\/\/quicosenza.it\/news\/wp-json\/wp\/v2\/categories?post=48205"},{"taxonomy":"post_tag","embeddable":true,"href":"https:\/\/quicosenza.it\/news\/wp-json\/wp\/v2\/tags?post=48205"}],"curies":[{"name":"wp","href":"https:\/\/api.w.org\/{rel}","templated":true}]}}