{"id":48207,"date":"2015-10-09T10:36:25","date_gmt":"2015-10-09T08:36:25","guid":{"rendered":"https:\/\/www.quicosenza.it\/news\/senza-categoria\/cosenza-vecchia-crolli-e-degrado-stasera-in-piazza-piccola-assemblea-popolare\/"},"modified":"2023-01-17T12:39:51","modified_gmt":"2023-01-17T11:39:51","slug":"54745-cosenza-vecchia-crolli-e-degrado-stasera-in-piazza-piccola-assemblea-popolare","status":"publish","type":"post","link":"https:\/\/quicosenza.it\/news\/54745-cosenza-vecchia-crolli-e-degrado-stasera-in-piazza-piccola-assemblea-popolare\/","title":{"rendered":"Cosenza Vecchia, crolli e degrado assemblea popolare stasera in piazza Piccola"},"content":{"rendered":"<h4>L&#8217;iniziativa \u00e8 organizzata dai comitati Piazza Piccola e Prendocasa.<\/h4>\n<p><!--more--><\/p>\n<p>&nbsp;<\/p>\n<p style=\"text-align: justify;\">COSENZA &#8211; Stasera, venerd\u00ec 9 Ottobre, a partire dalle 19 a Cosenza Vecchia, nella piazza Piccola, si terr\u00e0 un&#8217;assemblea popolare aperta a tutta la cittadinanza. La discussione sar\u00e0 volta a fare il punto sulle situazioni di degrado presenti nel centro storico e le possibili soluzioni da adottare. Allo stesso tempo si parler\u00e0 dei crolli che hanno interessato Cosenza Vecchia negli scorsi mesi e le criticit\u00e0 ancora presenti. L&#8217;incontro \u00e8 finalizzato a sensibilizzare gli abitanti del quartiere e dare voce alle loro istanze nonch\u00e9 ad informare la citt\u00e0 sulle problematiche che vive il centro storico. L&#8217;obiettivo \u00e8 quello di sollecitare gli interventi dell&#8217;amministrazione comunale e delle istituzioni affinch\u00e9 si adoperino per mettere in sicurezza le abitazioni e risolvere gli annosi disagi che vivono i residenti del quartiere simbolo della storia della citt\u00e0.<\/p>\n","protected":false},"excerpt":{"rendered":"<p>L&#8217;iniziativa \u00e8 organizzata dai comitati Piazza Piccola e Prendocasa.<\/p>\n","protected":false},"author":22,"featured_media":48208,"comment_status":"open","ping_status":"open","sticky":false,"template":"","format":"standard","meta":{"_acf_changed":false,"footnotes":"","jetpack_publicize_message":"","jetpack_publicize_feature_enabled":true,"jetpack_social_post_already_shared":false,"jetpack_social_options":{"image_generator_settings":{"template":"highway","default_image_id":0,"font":"","enabled":false},"version":2}},"categories":[548,563,42],"tags":[],"class_list":["post-48207","post","type-post","status-publish","format-standard","has-post-thumbnail","hentry","category-archivio-storico-news","category-area-urbana","category-cosenza"],"acf":[],"jetpack_publicize_connections":[],"_links":{"self":[{"href":"https:\/\/quicosenza.it\/news\/wp-json\/wp\/v2\/posts\/48207","targetHints":{"allow":["GET"]}}],"collection":[{"href":"https:\/\/quicosenza.it\/news\/wp-json\/wp\/v2\/posts"}],"about":[{"href":"https:\/\/quicosenza.it\/news\/wp-json\/wp\/v2\/types\/post"}],"author":[{"embeddable":true,"href":"https:\/\/quicosenza.it\/news\/wp-json\/wp\/v2\/users\/22"}],"replies":[{"embeddable":true,"href":"https:\/\/quicosenza.it\/news\/wp-json\/wp\/v2\/comments?post=48207"}],"version-history":[{"count":0,"href":"https:\/\/quicosenza.it\/news\/wp-json\/wp\/v2\/posts\/48207\/revisions"}],"wp:featuredmedia":[{"embeddable":true,"href":"https:\/\/quicosenza.it\/news\/wp-json\/wp\/v2\/media\/48208"}],"wp:attachment":[{"href":"https:\/\/quicosenza.it\/news\/wp-json\/wp\/v2\/media?parent=48207"}],"wp:term":[{"taxonomy":"category","embeddable":true,"href":"https:\/\/quicosenza.it\/news\/wp-json\/wp\/v2\/categories?post=48207"},{"taxonomy":"post_tag","embeddable":true,"href":"https:\/\/quicosenza.it\/news\/wp-json\/wp\/v2\/tags?post=48207"}],"curies":[{"name":"wp","href":"https:\/\/api.w.org\/{rel}","templated":true}]}}