{"id":48235,"date":"2015-10-10T08:54:50","date_gmt":"2015-10-10T06:54:50","guid":{"rendered":"https:\/\/www.quicosenza.it\/news\/senza-categoria\/roselli-casertana-forte-e-galvanizzata-dal-1-posto-stanno-meglio-di-noi-ma-siamo-pronti-a-dare-tutto\/"},"modified":"2023-01-17T12:39:52","modified_gmt":"2023-01-17T11:39:52","slug":"54840-roselli-casertana-forte-e-galvanizzata-dal-1-posto-stanno-meglio-di-noi-ma-siamo-pronti-a-dare-tutto","status":"publish","type":"post","link":"https:\/\/quicosenza.it\/news\/54840-roselli-casertana-forte-e-galvanizzata-dal-1-posto-stanno-meglio-di-noi-ma-siamo-pronti-a-dare-tutto\/","title":{"rendered":"Roselli: &#8220;Casertana forte e galvanizzata dal 1 posto. Stanno meglio di noi ma siamo pronti a dare tutto&#8221;"},"content":{"rendered":"<h4>Il tecnico del Cosenza che dovr\u00e0 rinunciare a Caccetta, Vutov e Ciancio prepara il difficile match contro al Casertana: &#8220;loro giocano galvanizzati dal primo posto in classifica e da una partenza fantastica. Stanno meglio di noi, ma siamo pronti a lottare&#8221;<!--more--><\/h4>\n<p>COSENZA &#8211; Dopo 3 trasferte consecutive ed il sofferto pareggio di 3 giorni fa a Catania, il Cosenza torna a giocare al Marulla davanti i propri tifosi nella 6&#8242; giornata di campionato. I rossoblu domani pomeriggio alle 17.30 proveranno a fermare il cammino della capolista Casertana dell&#8217;ex Gianluca De Angelis, cercando di tornare a\u00a0quella vittoria che manca dalla prima giornata di campionato (1 a 0 al Martina). \u00a0Non sar\u00e0 facile per diversi motivi: in primis per gli avversari. I\u00a0falchetti allenati dall&#8217;ex tecnico dell&#8217;Aversa Romaniello, sono reduci dall&#8217;exploit\u00a0esterno di Castellammare di Stabia, sono primi in classifica e non hanno mai assaporato il gusto amaro della sconfitta.<\/p>\n<p>Giorgio Roselli che sta cercando di partita in partita di far entrare in condizione\u00a0i calciatore, continua ad avere problemi di formazione. Oltre a capitan Caccetta fermato dal solito mal di schiena e Vutov, in nazionale per le qualificazioni all&#8217;Europeo Under 21, dovr\u00e0 rinunciare anche a Simone Ciancio che difficilmente sar\u00e0 in campo\u00a0dopo il\u00a0colpo subito 3 giorni fa a Catania. Confermato a centrocampo il giovane Fiordilino, in avanti la coppia d&#8217;attacco dovrebbe essere quella vista al Massimino\u00a0e formata da Arrighini e Raimondi. Oggi pomeriggio la rifinitura scioglier\u00e0 gli ultimi dubbi di formazione. E se in campo ci sar\u00e0 &#8220;battaglia&#8221; sportiva sugli spalti del Marulla tutto \u00e8 pronto per la festa tra le due tifoserie accomunate dagli stessi colori e ideali, pronte a\u00a0rinnoveranno un gemellaggio trentennale nel ricordo di Gigi Marulla.<\/p>\n<p><strong>Il tecnico Cosenza, intercettato al telefono dopo l&#8217;allenamento di ieri ha evidenziato\u00a0le difficolt\u00e0 della gara di domani\u00a0che vedr\u00e0 i rossoblu opposti ad\u00a0una squadra forte del primo posto in classifica<\/strong>: &#8220;<em>Una gara difficile come tutte. Innanzitutto vediamo di contare quelli che stanno meglio dopo la partita di Catania, visto che oltre al capitano Caccetta, difficilmente riusciremo a recuperare \u00a0Ciancio che non ha ancora recuperato dalla botta rimediata a Catania. In pi\u00f9 come sapete manca anche Vutov. Vedremo dopo la rifinitura la condizione dei calciatori. La Casertana? Affronteremo\u00a0la squadra pi\u00f9 in forma del momento. Non tanto per il fatto che si trovi prima in classifica, ma perch\u00e9 sono in un ottimo momento di forma, sono galvanizzati dai risultati e da una partenza fantastica. Sono riusciti a trovare il giusto feeling tra i calciatori &#8220;vecchi&#8221; dello scorso anno e i nuovi innesti. Anche vedendo i filmati delle loro partite \u00e8 innegabile che stanno meglio di noi dal punto di vista fisico e mentale, ma siamo il Cosenza e daremo rogna a tutti lottando fino al 90&#8242;<\/em>.<\/p>\n<p><img loading=\"lazy\" decoding=\"async\" class=\"  wp-image-54853 aligncenter\" src=\"http:\/\/www.quicosenza.it\/news\/wp-content\/uploads\/2015\/10\/Giorgio-Roselli-2.jpg\" alt=\"Giorgio Roselli 2\" width=\"600\" height=\"400\" title=\"\"><\/p>\n<p><strong>Attacco del Cosenza poco prolifico con solo 2 reti all&#8217;attivo &#8211;\u00a0<\/strong>Il reparto offensivo, rispetto alla passata stagione, \u00e8 stato totalmente rivoluzionato. Non \u00e8 rimasta nessuna delle punte. Sono stati acquistati attaccanti\u00a0forti e di esperienza, ma il Cosenza fatica li davanti. In 5 gare ha realizzato solo due reti, di cui una sola su azione (a Catanzaro ndr.).\u00a0Mister Roselli, per\u00f2<strong>\u00a0<\/strong>non vuole \u00a0paragoni con lo scorso campionato e spiega perch\u00e9 in attacco i rossoblu stiano facendo difficolt\u00e0\u00a0<strong>&#8211; <\/strong>&#8220;<em>io alleno i giocatori che ho a disposizione. Lo scorso anno avevo dei calciatori, quest&#8217;anno ne ho altri. Abbiamo cambiato tanto in attacco \u00e8 vero ma alla fine contano i fatti e i risultati. Normale che fare un paragone con la passata stagione, adesso che siamo all&#8217;inizio non mi sembra il caso, sopratutto quando tutti gli attaccanti che ho in rosa, chi pi\u00f9 chi meno, hanno subito infortuni e non sono ancora in condizione: Vutov giocando in nazionale ha saltato 4 gare, Raimondi che non si \u00e8 praticamente mai allenato, mercoled\u00ec a Catania ha giocato la sua prima partita da titolare, Arrighini \u00e8 stato fermo un mese dopo la Coppa italia, per La Mantia la stesa cosa. Quindi nessun paragone con lo scorso campionato, ma solo la necessit\u00e0 di far tornare questi attaccanti nella migliore condizione fisica. E potranno farlo solo giocando.<\/em><\/p>\n<p><em>\u00a0<img loading=\"lazy\" decoding=\"async\" class=\"  wp-image-54854 aligncenter\" src=\"http:\/\/www.quicosenza.it\/news\/wp-content\/uploads\/2015\/10\/Allenamenti-Cosenza.jpg\" alt=\"Allenamenti Cosenza\" width=\"600\" height=\"401\" title=\"\"><\/em><\/p>\n<p>&nbsp;<\/p>\n","protected":false},"excerpt":{"rendered":"<p>Il tecnico del Cosenza che dovr\u00e0 rinunciare a Caccetta, Vutov e Ciancio prepara il difficile match contro al Casertana: &#8220;loro giocano galvanizzati dal primo posto in classifica e da una partenza fantastica. Stanno meglio di noi, ma siamo pronti a lottare&#8221;<\/p>\n","protected":false},"author":23,"featured_media":48236,"comment_status":"open","ping_status":"open","sticky":false,"template":"","format":"standard","meta":{"_acf_changed":false,"footnotes":"","jetpack_publicize_message":"","jetpack_publicize_feature_enabled":true,"jetpack_social_post_already_shared":false,"jetpack_social_options":{"image_generator_settings":{"template":"highway","default_image_id":0,"font":"","enabled":false},"version":2}},"categories":[548,20],"tags":[],"class_list":["post-48235","post","type-post","status-publish","format-standard","has-post-thumbnail","hentry","category-archivio-storico-news","category-sport"],"acf":[],"jetpack_publicize_connections":[],"_links":{"self":[{"href":"https:\/\/quicosenza.it\/news\/wp-json\/wp\/v2\/posts\/48235","targetHints":{"allow":["GET"]}}],"collection":[{"href":"https:\/\/quicosenza.it\/news\/wp-json\/wp\/v2\/posts"}],"about":[{"href":"https:\/\/quicosenza.it\/news\/wp-json\/wp\/v2\/types\/post"}],"author":[{"embeddable":true,"href":"https:\/\/quicosenza.it\/news\/wp-json\/wp\/v2\/users\/23"}],"replies":[{"embeddable":true,"href":"https:\/\/quicosenza.it\/news\/wp-json\/wp\/v2\/comments?post=48235"}],"version-history":[{"count":0,"href":"https:\/\/quicosenza.it\/news\/wp-json\/wp\/v2\/posts\/48235\/revisions"}],"wp:featuredmedia":[{"embeddable":true,"href":"https:\/\/quicosenza.it\/news\/wp-json\/wp\/v2\/media\/48236"}],"wp:attachment":[{"href":"https:\/\/quicosenza.it\/news\/wp-json\/wp\/v2\/media?parent=48235"}],"wp:term":[{"taxonomy":"category","embeddable":true,"href":"https:\/\/quicosenza.it\/news\/wp-json\/wp\/v2\/categories?post=48235"},{"taxonomy":"post_tag","embeddable":true,"href":"https:\/\/quicosenza.it\/news\/wp-json\/wp\/v2\/tags?post=48235"}],"curies":[{"name":"wp","href":"https:\/\/api.w.org\/{rel}","templated":true}]}}