{"id":48273,"date":"2015-10-12T08:48:51","date_gmt":"2015-10-12T06:48:51","guid":{"rendered":"https:\/\/www.quicosenza.it\/news\/senza-categoria\/cosenza-vigili-del-fuoco-in-piazza-per-chiedere-il-potenziamento-del-servizio-di-soccorso-audio-intervista\/"},"modified":"2023-01-17T12:39:55","modified_gmt":"2023-01-17T11:39:55","slug":"55086-cosenza-vigili-del-fuoco-in-piazza-per-chiedere-il-potenziamento-del-servizio-di-soccorso-audio-intervista","status":"publish","type":"post","link":"https:\/\/quicosenza.it\/news\/55086-cosenza-vigili-del-fuoco-in-piazza-per-chiedere-il-potenziamento-del-servizio-di-soccorso-audio-intervista\/","title":{"rendered":"Cosenza, Vigili del fuoco in piazza per chiedere il potenziamento del servizio di soccorso (AUDIO INTERVISTA)"},"content":{"rendered":"<h4><strong>Se neanche questa volta aderiscono i cittadini, le istituzioni e le forze politiche ci fermeremo qui. Per questo chiamiamo a raccolta tutti per sostenere i Vigili del Fuoco.<\/strong><\/h4>\n<p><!--more--><\/p>\n<p>&#8220;Sono mesi che chiediamo il potenziamento del servizio di soccorso nella provincia di Cosenza, dove i Vigili del Fuoco sono un terzo di quanti dovrebbero essere secondo i parametri adottati nelle altre province e nel resto d&#8217;Italia. Infatti, nella provincia di Cosenza abbiamo un pompiere ogni 3300 abitanti mentre nel resto della regione e d&#8217;Italia ce ne \u00e8 uno ogni 1100&#8221;. La grave situazione \u00e8 stata ancora una volta sollevata dalla Uil, secondo la quale a Cosenza il &#8220;soccorso \u00e8 al capolinea&#8221;. Per questo motivo \u00e8 stata indetta una \u00a0manifestazione per<strong> sabato 17 ottobre in piazza XI settembre<\/strong>, alla quale il sindacato invita &#8220;le autorit\u00e0 religiose, i cittadini, i sindaci, il presidente Oliverio, il presidente Occhiuto, gli ordini professionali, i gruppi di volontari ed ogni esponente della classe politica della nostra provincia&#8221;.<\/p>\n<p>&#8220;Sono mesi &#8211; prosegue la Uil &#8211; che chiediamo l&#8217;attivazione di due nuove caserme, a San Giovanni in Fiore ed a Corigliano, ma oggi, mentre ancora aspettiamo invano le risorse aggiuntive le cose vanno di male in peggio. La stagione estiva ha dato il colpo di grazia alle autopompe che dopo 20 anni di onorato servizio sono arrivate al capolinea, con il risultato che non abbiamo neanche i mezzi per utilizzare i gi\u00e0 pochi pompieri presenti in provincia. Quest&#8217;estate diverse volte sui giornali si \u00e8 letto di ritardi nei soccorsi per grandi incendi che hanno minacciato interi comuni. Per l&#8217;alluvione di Rossano i cittadini hanno dovuto attendere l&#8217;arrivo dei soccorsi dal Lazio e dalla Campania. Normalmente in emergenze simili i cittadini possono contare immediatamente sul raddoppio del dispositivo di soccorso con i Vigili del fuoco della provincia ma, purtroppo, qui da noi, non \u00e8 stato possibile perch\u00e9 non c&#8217;erano automezzi sufficienti, mentre i cittadini aspettavano i soccorsi sommersi dal fango. Ma non basta, i vigili del fuoco sono rimasti vittima anche della spending review. Nei giorni scorsi, infatti, per le operazioni di ricerca di una donna dispersa a Longobucco, i Vigili del fuoco sono stati costretti a portarsi le necessarie attrezzature da casa. Non \u00e8 accettabile che una persona rimanga dispersa, nella Sila, per 5 giorni a rischio della vita\u037e queste sono cose che non devono pi\u00f9 accadere. E&#8217; umiliante per dei Vigili del fuoco correre in soccorso della popolazione con mezzi fatiscenti e senza risorse ma \u00e8 inaccettabile per i cittadini ricevere questo trattamento dallo Stato&#8221;. La manifestazione di sabato prossimo, secondo il sindacato, &#8220;\u00e8 l&#8217;occasione giusta per far sentire la voce della nostra societ\u00e0 civile, i cittadini facciano sentire la propria voce prima che il governo metta una tassa anche sul malcontento&#8221;.<\/p>\n<p><strong>Questa mattina ai microfoni di Rlb Radioattiva<\/strong>, il rappresentante sindacale dei <strong>Vigili del fuoco per la Uil, Bonaventura Ferri,<\/strong> ha sottolineato carenze e sprechi e lancia un invito a partecipare alla manifestazione di sabato a Cosenza.<\/p>\n<p><span style=\"color: #ff0000;\"><strong>ASCOLTA L&#8217;INTERVISTA<\/strong><\/span><\/p>\n<p>[audio_mp3 url=&#8221;http:\/\/www.quicosenza.it\/news\/wp-content\/uploads\/2015\/10\/Bonaventura-Ferri-Uil-Vigili-del-fuoco.mp3&#8243;]<\/p>\n","protected":false},"excerpt":{"rendered":"<p>Se neanche questa volta aderiscono i cittadini, le istituzioni e le forze politiche ci fermeremo qui. Per questo chiamiamo a raccolta tutti per sostenere i Vigili del Fuoco.<\/p>\n","protected":false},"author":19,"featured_media":46781,"comment_status":"open","ping_status":"open","sticky":false,"template":"","format":"standard","meta":{"_acf_changed":false,"footnotes":"","jetpack_publicize_message":"","jetpack_publicize_feature_enabled":true,"jetpack_social_post_already_shared":false,"jetpack_social_options":{"image_generator_settings":{"template":"highway","default_image_id":0,"font":"","enabled":false},"version":2}},"categories":[548,563,42],"tags":[],"class_list":["post-48273","post","type-post","status-publish","format-standard","has-post-thumbnail","hentry","category-archivio-storico-news","category-area-urbana","category-cosenza"],"acf":[],"jetpack_publicize_connections":[],"_links":{"self":[{"href":"https:\/\/quicosenza.it\/news\/wp-json\/wp\/v2\/posts\/48273","targetHints":{"allow":["GET"]}}],"collection":[{"href":"https:\/\/quicosenza.it\/news\/wp-json\/wp\/v2\/posts"}],"about":[{"href":"https:\/\/quicosenza.it\/news\/wp-json\/wp\/v2\/types\/post"}],"author":[{"embeddable":true,"href":"https:\/\/quicosenza.it\/news\/wp-json\/wp\/v2\/users\/19"}],"replies":[{"embeddable":true,"href":"https:\/\/quicosenza.it\/news\/wp-json\/wp\/v2\/comments?post=48273"}],"version-history":[{"count":0,"href":"https:\/\/quicosenza.it\/news\/wp-json\/wp\/v2\/posts\/48273\/revisions"}],"wp:featuredmedia":[{"embeddable":true,"href":"https:\/\/quicosenza.it\/news\/wp-json\/wp\/v2\/media\/46781"}],"wp:attachment":[{"href":"https:\/\/quicosenza.it\/news\/wp-json\/wp\/v2\/media?parent=48273"}],"wp:term":[{"taxonomy":"category","embeddable":true,"href":"https:\/\/quicosenza.it\/news\/wp-json\/wp\/v2\/categories?post=48273"},{"taxonomy":"post_tag","embeddable":true,"href":"https:\/\/quicosenza.it\/news\/wp-json\/wp\/v2\/tags?post=48273"}],"curies":[{"name":"wp","href":"https:\/\/api.w.org\/{rel}","templated":true}]}}