{"id":48329,"date":"2015-10-14T07:37:09","date_gmt":"2015-10-14T05:37:09","guid":{"rendered":"https:\/\/www.quicosenza.it\/news\/senza-categoria\/vela-daltura-tutto-pronto-per-la-6-edizione-dellevento-velico-piu-importante-del-tirreno-calabrese\/"},"modified":"2023-01-17T12:40:00","modified_gmt":"2023-01-17T11:40:00","slug":"55307-vela-daltura-tutto-pronto-per-la-6-edizione-dellevento-velico-piu-importante-del-tirreno-calabrese","status":"publish","type":"post","link":"https:\/\/quicosenza.it\/news\/55307-vela-daltura-tutto-pronto-per-la-6-edizione-dellevento-velico-piu-importante-del-tirreno-calabrese\/","title":{"rendered":"Vela d\u2019Altura: tutto pronto per la 6\u00b0 edizione dell\u2019evento velico pi\u00f9 importante del Tirreno calabrese"},"content":{"rendered":"<h4><b>Dal prossimo 18 Ottobre fino al 7 maggio 2016 oltre 20 barche regateranno lungo la costa tirrenica calabrese disputando ben 10 prove.Si gareggia fra Vibo, Tropea, Gizzeria e Reggio Calabria.<\/b><\/h4>\n<p><!--more--><\/p>\n<p>VIBO VALENTIA &#8211;\u00a0Il Campionato d\u2019Altura, definito dal presidente della Federvela Calabria e Basilicata Fabio Colella come \u201cl\u2019appuntamento velico invernale d\u2019altura pi\u00f9 significativo dell\u2019intero Tirreno Meridionale e tra quelli pi\u00f9 in ascesa nel panorama velico italiano\u201d, <strong>prender\u00e0 il via il 18 ottobre a<\/strong> <b>Vibo<\/b>, <strong>nelle acque antistanti la sede del circolo organizzatore e si concluder\u00e0 a<\/strong> <b>Gizzeria<\/b>, <strong>base nautica dell\u2019Hang Loose Beach, il 7 maggio 2016<\/strong>.\u00a0La competizione \u00e8 divisa in due manche. La prima terminer\u00e0 dopo quattro prove, il 13 dicembre, con l\u2019assegnazione del Trofeo Citt\u00e0 di Tropea<b>, <\/b>la seconda inizier\u00e0 il 6 marzo da Vibo dopo un break di due mesi.<\/p>\n<p><strong>Le novit\u00e0 pi\u00f9 importante dell\u2019edizione 2015-2016 \u00e8 la partecipazione degli alunni della scuola media di Vibo Marina i quali disputeranno le regate a bordo di una barca in alluminio di 15 metri<\/strong>, capitanata da Franco Ranieri, filantropico istruttore che cercher\u00e0 di fare appassionare a questo sport alunni e professori.\u00a0Altra novit\u00e0 riguarda l\u2019istituzione di alcuni <strong>premi speciali da parte di Vela Pratica, il blog ufficiale della VI Zona FIV Calabria e Basilicata<\/strong><b>.<\/b> Fabio Leporini (curatore del blog e istruttore di vela) ha voluto mettere in palio i premi perch\u00e9 \u201c<em>mi sembra giusto accogliere nel migliore dei modi le persone che si approcciano a questo sport, cos\u00ec come \u00e8 un dovere onorare i velisti di \u2018lungo corso\u2019, ricordando, infine, che tutti sono benvenuti a far parte della grande famiglia della (feder)vela<\/em>.\u201d<br \/>\nConfermati il <b>Trofeo<\/b> <b>Hang Loose Beach<\/b>, giunto alla seconda edizione, che si svolger\u00e0 nelle acque antistanti la sede dell\u2019associazione sportiva rappresentata da Luca Valentini, e la tappa Tropea-Reggio Calabria che far\u00e0 navigare la flotta lungo la costa tirrenica della Calabria fino alla citt\u00e0 dello stretto.<\/p>\n<p><img loading=\"lazy\" decoding=\"async\" class=\"aligncenter  wp-image-55316\" src=\"http:\/\/www.quicosenza.it\/news\/wp-content\/uploads\/2015\/10\/Campionato-vela-daltura-Vibo.jpg\" alt=\"Campionato-vela-daltura-Vibo\" width=\"600\" height=\"450\" title=\"\"><\/p>\n<p>\u201c<em>Il Campionato organizzato dal Circolo Velico Santa Venere di Vibo \u00e8 l\u2019evento pi\u00f9 significativo per la vela invernale d\u2019altura dell\u2019intero Tirreno Meridionale e tra quelli pi\u00f9 in ascesa nel panorama velico italiano<\/em> \u2013 ha dichiarato il <b>presidente della Federvela calabrese\u00a0<\/b><b>Fabio Colella<\/b>. <em>Non si tratta solo di una gara sportiva, ma di un\u2019occasione per vivere il mare durante l\u2019inverno anche attraverso\u00a0manifestazioni culturali e gastronomiche ed eventi di interesse turistico che si svolgono durante i weekend di regata<\/em>. <em>Il nostro<\/em> \u2013 continua l\u2019avvocato Colella \u2013 \u00e8 <em>un mare che si presta bene per queste competizioni in quanto godiamo di un clima mite anche durante il periodo meno caldo dell\u2019anno. Il Campionato invernale del Tirreno \u00e8 cresciuto costantemente in questi anni fino a coinvolgere gli armatori e i velisti di tutto il bacino. Oltre a essere una manifestazione agonistica di successo, \u00e8 un momento di promozione culturale e turistica. Dalle regioni del Nord Italia vogliono che gli segnaliamo \u2013 sempre pi\u00f9 insistentemente \u2013 luoghi dove poter praticare la vela tutto l\u2019anno, visto che in inverno sono davvero pochi i posti lungo la nostra penisola dove pu\u00f2 essere praticato lo sport della vela. Questa edizione<\/em> \u2013 conclude il presidente \u2013 <em>coinvolger\u00e0 inoltre anche Reggio Calabria. Ci\u00f2 significa che i \u201cconfini\u201d della regata si sono oltremodo allargati<\/em>\u201d.<\/p>\n<p>Tra i partner dell\u2019edizione 2015-2016 del campionato presenti le storiche collaborazioni con i pontili <strong>Marina Carmelo<\/strong> e <strong>Azzurra<\/strong>, nonch\u00e9 quella con <strong>Porto di Tropea<\/strong> che, insieme alla <strong>\u201cRada\u201c<\/strong>, sostengono in pieno le iniziative del C.V.S.V. Quest\u2019anno anche <strong>Spartivento Charter Beneteau<\/strong> \u00e8 intervenuto come sponsor del settore nautico, ma l\u2019interesse verso questo Campionato si \u00e8 allargato anche ad altri settori commerciali.<\/p>\n<p><img loading=\"lazy\" decoding=\"async\" class=\"aligncenter  wp-image-55314\" src=\"http:\/\/www.quicosenza.it\/news\/wp-content\/uploads\/2015\/10\/Vela-Altura.jpg\" alt=\"Vela Altura\" width=\"601\" height=\"384\" title=\"\"><\/p>\n<p><strong>LOGISTICA E ISCRIZIONI ALLA COMPETIZIONE<\/strong><br \/>\nL\u2019ospitalit\u00e0 ai pontili sar\u00e0 garantita solo a quelle imbarcazioni che ne avranno fatto richiesta e in regola con le iscrizioni pervenute entro il 15 ottobre. Il Circolo Velico Santa Venere sar\u00e0 in grado di garantire\u00a0l\u2019ospitalit\u00e0 soltanto alle prime 10 imbarcazioni iscritte entro tale data e comunque solo a quelle provenienti da oltre 20 miglia<b> <\/b>da Vibo Marina. Il periodo di ospitalit\u00e0 parte da una settimana prima ad una settimana dopo ogni manche. Il periodo di stacco tra le due manches sar\u00e0 a totale carico dell\u2019armatore che concorder\u00e0 il corrispettivo col gestore del pontile. La gratuit\u00e0 sar\u00e0 valida unicamente per chi prende parte almeno al 70% delle prove in programma (7 su 10).<br \/>\nLe <b>preiscrizioni<\/b> dovranno essere inviate, presentando il modulo di iscrizione con copia del certificato ORC, alla segreteria tramite e-mail entro il <strong>15 ottobre<\/strong>.<\/p>\n<p><img loading=\"lazy\" decoding=\"async\" class=\"aligncenter  wp-image-55323\" src=\"http:\/\/www.quicosenza.it\/news\/wp-content\/uploads\/2015\/10\/Vela-Altura2.jpg\" alt=\"Vela Altura2\" width=\"600\" height=\"408\" title=\"\"><br \/>\nLe <b>iscrizioni<\/b> potranno essere regolarizzate al massimo e<strong>ntro le ore 9,00 del giorno<\/strong> <b>18 ottobre<\/b>. Tutti gli equipaggi dovranno essere in regola col <b>tesseramento FIV<\/b>. Verranno effettuati controlli a campione.\u00a0Si pu\u00f2 procedere all\u2019iscrizione mediante bonifico bancario alle seguenti coordinate: Banca Popolare dell\u2019Emilia Romagna (Catanzaro) Circolo Velico Santa Venere IBAN: IT55V0538704400000000935116. La ricevuta dovr\u00e0 essere inviata a: <b><span style=\"color: #0000ff;\"><a style=\"color: #0000ff;\" href=\"mailto:info@circolovelicosantavenere.it\">info@circolovelicosantavenere.it<\/a><\/span>.<\/b><\/p>\n<p>Il bando della regata e il modulo per l\u2019iscrizione sono disponibili alla pagina <strong><a href=\"https:\/\/www.dropbox.com\/s\/g8z9umujmybgc6w\/bando_di_regata_2016.pdf?dl=0\" rel=\"noopener\"><span style=\"color: #0000ff;\">Bando di Regata 2016<\/span>.<\/a><\/strong><\/p>\n<p><img loading=\"lazy\" decoding=\"async\" class=\"aligncenter wp-image-55318 \" src=\"http:\/\/www.quicosenza.it\/news\/wp-content\/uploads\/2015\/10\/Campionato-di-vela-dlatura-Vibo-Tropea-Gizzeria.jpg\" alt=\"\" width=\"628\" height=\"369\" title=\"\"><\/p>\n","protected":false},"excerpt":{"rendered":"<p>Dal prossimo 18 Ottobre fino al 7 maggio 2016 oltre 20 barche regateranno lungo la costa tirrenica calabrese disputando ben 10 prove.Si gareggia fra Vibo, Tropea, Gizzeria e Reggio Calabria.<\/p>\n","protected":false},"author":24,"featured_media":48330,"comment_status":"open","ping_status":"open","sticky":false,"template":"","format":"standard","meta":{"_acf_changed":false,"footnotes":"","jetpack_publicize_message":"","jetpack_publicize_feature_enabled":true,"jetpack_social_post_already_shared":false,"jetpack_social_options":{"image_generator_settings":{"template":"highway","default_image_id":0,"font":"","enabled":false},"version":2}},"categories":[548,20],"tags":[],"class_list":["post-48329","post","type-post","status-publish","format-standard","has-post-thumbnail","hentry","category-archivio-storico-news","category-sport"],"acf":[],"jetpack_publicize_connections":[],"_links":{"self":[{"href":"https:\/\/quicosenza.it\/news\/wp-json\/wp\/v2\/posts\/48329","targetHints":{"allow":["GET"]}}],"collection":[{"href":"https:\/\/quicosenza.it\/news\/wp-json\/wp\/v2\/posts"}],"about":[{"href":"https:\/\/quicosenza.it\/news\/wp-json\/wp\/v2\/types\/post"}],"author":[{"embeddable":true,"href":"https:\/\/quicosenza.it\/news\/wp-json\/wp\/v2\/users\/24"}],"replies":[{"embeddable":true,"href":"https:\/\/quicosenza.it\/news\/wp-json\/wp\/v2\/comments?post=48329"}],"version-history":[{"count":0,"href":"https:\/\/quicosenza.it\/news\/wp-json\/wp\/v2\/posts\/48329\/revisions"}],"wp:featuredmedia":[{"embeddable":true,"href":"https:\/\/quicosenza.it\/news\/wp-json\/wp\/v2\/media\/48330"}],"wp:attachment":[{"href":"https:\/\/quicosenza.it\/news\/wp-json\/wp\/v2\/media?parent=48329"}],"wp:term":[{"taxonomy":"category","embeddable":true,"href":"https:\/\/quicosenza.it\/news\/wp-json\/wp\/v2\/categories?post=48329"},{"taxonomy":"post_tag","embeddable":true,"href":"https:\/\/quicosenza.it\/news\/wp-json\/wp\/v2\/tags?post=48329"}],"curies":[{"name":"wp","href":"https:\/\/api.w.org\/{rel}","templated":true}]}}