{"id":48403,"date":"2015-10-16T09:55:14","date_gmt":"2015-10-16T07:55:14","guid":{"rendered":"https:\/\/www.quicosenza.it\/news\/senza-categoria\/le-nomine-di-oliverio-bloccate-dallanticorruzione-sara-il-tar-del-lazio-a-pronunciarsi\/"},"modified":"2023-01-17T12:40:04","modified_gmt":"2023-01-17T11:40:04","slug":"55599-le-nomine-di-oliverio-bloccate-dallanticorruzione-sara-il-tar-del-lazio-a-pronunciarsi","status":"publish","type":"post","link":"https:\/\/quicosenza.it\/news\/55599-le-nomine-di-oliverio-bloccate-dallanticorruzione-sara-il-tar-del-lazio-a-pronunciarsi\/","title":{"rendered":"Le nomine di Oliverio bloccate dall&#8217;Anticorruzione, sar\u00e0 il Tar del Lazio a pronunciarsi"},"content":{"rendered":"<h4>Il presidente della Regione Calabria non ha accettato di buon grado il provvedimento che per tre mesi lo vede impossibilitato a decretare nuove nomine.<\/h4>\n<p><!--more--><\/p>\n<p>&nbsp;<\/p>\n<p style=\"text-align: justify;\">CATANZARO &#8211; Si \u00e8 svolta ieri\u00a0l&#8217;udienza davanti al al Tar Calabria per discutere il ricorso con cui il presidente della Regione, Mario Oliverio ha chiesto di annullare o comunque sospendere in via d&#8217;urgenza il provvedimento interdittivo per tre mesi inflitto dall&#8217;Anti &#8211; corruzione per la nomina di Santo Gioffre&#8217; a commissario dell&#8217;Asp di Reggio Calabria. La nomina, decisa nel Marzo scorso dalla Giunta regionale, sarebbe illegittima in quanto Gioffr\u00e8 era candidato in precedenza a sindaco di Seminara, Comune ricadente nel territorio di competenza dell&#8217;ente.\u00a0Davanti ai giudici amministrativi si \u00e8 costituita l&#8217;avvocatura dello Stato che preliminarmente ha sostenuto che il procedimento dovrebbe essere discusso davanti al Tar di Roma. Di parere opposto gli avvocati del governatore, Alfredo Gualtieri e Oreste Morcavallo. Per i due legali l&#8217;atto impugnato \u00e8 quello emesso dalla responsabile dell&#8217;anti-corruzione della Regione Calabria, provvedimento che riporta come giudice naturale proprio il Tribunale amministrativo della Calabria. <strong>Cos\u00ec come avevano sottolineato nel loro ricorso, gli avvocati Gualtieri e Morcavallo hanno sostenuto che la sanzione \u00e8 illegittima perch\u00e9 comminata in assenza di colpa.<\/strong> Dopo le discussioni delle parti i giudici amministrativi sono entrati in camera di consiglio e hanno deciso che sar\u00e0 il Tar del Lazio a pronunciarsi sulla sospensiva del provvedimento di inibizione dalle nomine per tre mesi comminato al presidente della Regione Calabria Mario Oliverio dal responsabile regionale per la prevenzione della corruzione e della trasparenza a seguito del provvedimento emesso dall&#8217;Autorit\u00e0 nazionale anticorruzione.<\/p>\n<p style=\"text-align: justify;\">\n","protected":false},"excerpt":{"rendered":"<p>Il presidente della Regione Calabria non ha accettato di buon grado il provvedimento che per tre mesi lo vede impossibilitato a decretare nuove nomine.<\/p>\n","protected":false},"author":22,"featured_media":48404,"comment_status":"open","ping_status":"open","sticky":false,"template":"","format":"standard","meta":{"_acf_changed":false,"footnotes":"","jetpack_publicize_message":"","jetpack_publicize_feature_enabled":true,"jetpack_social_post_already_shared":false,"jetpack_social_options":{"image_generator_settings":{"template":"highway","default_image_id":0,"font":"","enabled":false},"version":2}},"categories":[548,17],"tags":[],"class_list":["post-48403","post","type-post","status-publish","format-standard","has-post-thumbnail","hentry","category-archivio-storico-news","category-calabria"],"acf":[],"jetpack_publicize_connections":[],"_links":{"self":[{"href":"https:\/\/quicosenza.it\/news\/wp-json\/wp\/v2\/posts\/48403","targetHints":{"allow":["GET"]}}],"collection":[{"href":"https:\/\/quicosenza.it\/news\/wp-json\/wp\/v2\/posts"}],"about":[{"href":"https:\/\/quicosenza.it\/news\/wp-json\/wp\/v2\/types\/post"}],"author":[{"embeddable":true,"href":"https:\/\/quicosenza.it\/news\/wp-json\/wp\/v2\/users\/22"}],"replies":[{"embeddable":true,"href":"https:\/\/quicosenza.it\/news\/wp-json\/wp\/v2\/comments?post=48403"}],"version-history":[{"count":0,"href":"https:\/\/quicosenza.it\/news\/wp-json\/wp\/v2\/posts\/48403\/revisions"}],"wp:featuredmedia":[{"embeddable":true,"href":"https:\/\/quicosenza.it\/news\/wp-json\/wp\/v2\/media\/48404"}],"wp:attachment":[{"href":"https:\/\/quicosenza.it\/news\/wp-json\/wp\/v2\/media?parent=48403"}],"wp:term":[{"taxonomy":"category","embeddable":true,"href":"https:\/\/quicosenza.it\/news\/wp-json\/wp\/v2\/categories?post=48403"},{"taxonomy":"post_tag","embeddable":true,"href":"https:\/\/quicosenza.it\/news\/wp-json\/wp\/v2\/tags?post=48403"}],"curies":[{"name":"wp","href":"https:\/\/api.w.org\/{rel}","templated":true}]}}