{"id":48946,"date":"2015-10-31T10:05:23","date_gmt":"2015-10-31T09:05:23","guid":{"rendered":"https:\/\/www.quicosenza.it\/news\/senza-categoria\/fotonotizia-quando-i-cittadini-sbagliano-a-differenziare-e-il-servizio-si-blocca\/"},"modified":"2023-01-17T12:40:45","modified_gmt":"2023-01-17T11:40:45","slug":"58071-fotonotizia-quando-i-cittadini-sbagliano-a-differenziare-e-il-servizio-si-blocca","status":"publish","type":"post","link":"https:\/\/quicosenza.it\/news\/58071-fotonotizia-quando-i-cittadini-sbagliano-a-differenziare-e-il-servizio-si-blocca\/","title":{"rendered":"FOTONOTIZIA &#8211; Quando i cittadini sbagliano a differenziare&#8230; e il servizio si blocca"},"content":{"rendered":"<h4>La zona interessata dal cumulo di rifiuti \u00e8 quella di via Rivocati.<\/h4>\n<p><!--more--><\/p>\n<p>COSENZA &#8211; Le immagini sono abbastanza eloquenti. Una piccola stradina, nella zona di via Rivocati, &#8216;ospita&#8217; un ammasso di sacchetti depositati da alcuni residenti. La situazione nel quartiere cosentino, cos\u00ec come in altre zone della citt\u00e0 \u00e8 relativa al fatto che, se i cittadini &#8216;sbagliano&#8217; a differenziare, gli operatori non raccolgono i sacchetti. Risultato? La spazzatura si accumula e per toglierla dalla strada, e in questo caso, proprio davanti l&#8217;ingresso di un&#8217;abitazione \u00e8 necessario attendere giorni e giorni. Questo \u00e8 il risultato e queste sono le foto&#8230; scattate questa mattina.<\/p>\n<p><img loading=\"lazy\" decoding=\"async\" class=\"  wp-image-58074 aligncenter\" src=\"http:\/\/www.quicosenza.it\/news\/wp-content\/uploads\/2015\/10\/20151031_104535.jpg\" alt=\"20151031_104535\" width=\"596\" height=\"335\" title=\"\"><\/p>\n<p><img loading=\"lazy\" decoding=\"async\" class=\"  wp-image-58073 aligncenter\" src=\"http:\/\/www.quicosenza.it\/news\/wp-content\/uploads\/2015\/10\/20151031_104530.jpg\" alt=\"20151031_104530\" width=\"598\" height=\"336\" title=\"\"><\/p>\n<p><img loading=\"lazy\" decoding=\"async\" class=\"  wp-image-58075 aligncenter\" src=\"http:\/\/www.quicosenza.it\/news\/wp-content\/uploads\/2015\/10\/20151031_104543.jpg\" alt=\"20151031_104543\" width=\"600\" height=\"337\" title=\"\"><\/p>\n","protected":false},"excerpt":{"rendered":"<p>La zona interessata dal cumulo di rifiuti \u00e8 quella di via Rivocati.<\/p>\n","protected":false},"author":22,"featured_media":48947,"comment_status":"open","ping_status":"open","sticky":false,"template":"","format":"standard","meta":{"_acf_changed":false,"footnotes":"","jetpack_publicize_message":"","jetpack_publicize_feature_enabled":true,"jetpack_social_post_already_shared":false,"jetpack_social_options":{"image_generator_settings":{"template":"highway","default_image_id":0,"font":"","enabled":false},"version":2}},"categories":[548,563,42],"tags":[],"class_list":["post-48946","post","type-post","status-publish","format-standard","has-post-thumbnail","hentry","category-archivio-storico-news","category-area-urbana","category-cosenza"],"acf":[],"jetpack_publicize_connections":[],"_links":{"self":[{"href":"https:\/\/quicosenza.it\/news\/wp-json\/wp\/v2\/posts\/48946","targetHints":{"allow":["GET"]}}],"collection":[{"href":"https:\/\/quicosenza.it\/news\/wp-json\/wp\/v2\/posts"}],"about":[{"href":"https:\/\/quicosenza.it\/news\/wp-json\/wp\/v2\/types\/post"}],"author":[{"embeddable":true,"href":"https:\/\/quicosenza.it\/news\/wp-json\/wp\/v2\/users\/22"}],"replies":[{"embeddable":true,"href":"https:\/\/quicosenza.it\/news\/wp-json\/wp\/v2\/comments?post=48946"}],"version-history":[{"count":0,"href":"https:\/\/quicosenza.it\/news\/wp-json\/wp\/v2\/posts\/48946\/revisions"}],"wp:featuredmedia":[{"embeddable":true,"href":"https:\/\/quicosenza.it\/news\/wp-json\/wp\/v2\/media\/48947"}],"wp:attachment":[{"href":"https:\/\/quicosenza.it\/news\/wp-json\/wp\/v2\/media?parent=48946"}],"wp:term":[{"taxonomy":"category","embeddable":true,"href":"https:\/\/quicosenza.it\/news\/wp-json\/wp\/v2\/categories?post=48946"},{"taxonomy":"post_tag","embeddable":true,"href":"https:\/\/quicosenza.it\/news\/wp-json\/wp\/v2\/tags?post=48946"}],"curies":[{"name":"wp","href":"https:\/\/api.w.org\/{rel}","templated":true}]}}