{"id":50965,"date":"2016-01-01T08:00:28","date_gmt":"2016-01-01T07:00:28","guid":{"rendered":"https:\/\/www.quicosenza.it\/news\/senza-categoria\/domani-a-cosenza-presentazione-di-maresia-il-terzo-romanzo-di-elisa-stefania-tropea\/"},"modified":"2023-01-17T11:26:07","modified_gmt":"2023-01-17T10:26:07","slug":"67700-domani-a-cosenza-presentazione-di-maresia-il-terzo-romanzo-di-elisa-stefania-tropea","status":"publish","type":"post","link":"https:\/\/quicosenza.it\/news\/67700-domani-a-cosenza-presentazione-di-maresia-il-terzo-romanzo-di-elisa-stefania-tropea\/","title":{"rendered":"Domani a Cosenza presentazione di &#8221;Maresia&#8221;, il terzo romanzo di Elisa Stefania Tropea"},"content":{"rendered":"<h4><strong>Il libro, edito da Coessenza, verr\u00e0 presentato domani al Caf\u00e8 Librairie in via Idria 28 a Cosenza, a partire dalle 17.30<\/strong>.<!--more--><\/h4>\n<p>&nbsp;<\/p>\n<p style=\"text-align: justify;\">COSENZA &#8211; Dialogher\u00e0 Mestre Sorriso Senzala, maestro di Capoeira e uno dei fondatori del gruppo Senzala di Rio De Janeiro che figura fra i personaggi del romanzo. Dopo la presentazione del libro, seguir\u00e0 la Roda di Capoeira a cura della Senzala Cosenza e un aperitivo brasiliano con una selezione musicale composta da Samba, Bossa nova e Porr\u00f2.<\/p>\n<blockquote><p>&#8230;\u201cAscoltare la voce del mare significa ascoltare la voce del proprio destino\u201d le aveva detto un tempo suo padre, e da allora lei ne cercava il richiamo e tentava di interpretarne i messaggi&#8230;<\/p><\/blockquote>\n<p>&nbsp;<\/p>\n<p style=\"text-align: justify;\">Maria vive in un paese sulla costa tirrenica ed \u00e8 insoddisfatta del suo lavoro e di s\u00e9 stessa. L\u2019incontro fortuito con Ram\u00f3n, brasiliano di Rio de Janeiro, accende in lei la curiosit\u00e0 per la capoeira e il desiderio di scoprire il Brasile, terra di cui \u00e8 originaria anche la sua bisnonna quasi centenaria, Vov\u00f3 Quinota. Le tradizioni della sua famiglia, contadine e marinare, si fonderanno con i riti e la cultura afro-brasiliana in un\u2019esperienza di vita comunitaria e Maria scoprir\u00e0 la Rio de Janeiro dei vicoli di Santa Marta e degli spazi selvaggi di Ilha Grande. Saranno poi i segni di madre natura a ricondurre il presente a un passato oscuro e a chiudere il cerchio del destino.\u00a0Elisa Stefania Tropea (1978) vive e lavora a Cosenza. \u00c8 cofondatrice dell\u2019Associazione culturale Coessenza e alunna del Centro Cultural Senzala de Capoeira Mem\u00f3ria Viva Mestre Peixinho. Ha gi\u00e0 pubblicato: La centesima Luna (2009), Nuovi Fermenti\/narrativa, Fermenti; L\u2019angolino di Luce (2011), Itineris, Coessenza.<\/p>\n","protected":false},"excerpt":{"rendered":"<p>Il libro, edito da Coessenza, verr\u00e0 presentato domani al Caf\u00e8 Librairie in via Idria 28 a Cosenza, a partire dalle 17.30.<\/p>\n","protected":false},"author":22,"featured_media":50966,"comment_status":"open","ping_status":"open","sticky":false,"template":"","format":"standard","meta":{"_acf_changed":false,"footnotes":"","jetpack_publicize_message":"","jetpack_publicize_feature_enabled":true,"jetpack_social_post_already_shared":false,"jetpack_social_options":{"image_generator_settings":{"template":"highway","default_image_id":0,"font":"","enabled":false},"version":2}},"categories":[25],"tags":[],"class_list":["post-50965","post","type-post","status-publish","format-standard","has-post-thumbnail","hentry","category-libri"],"acf":[],"jetpack_publicize_connections":[],"_links":{"self":[{"href":"https:\/\/quicosenza.it\/news\/wp-json\/wp\/v2\/posts\/50965","targetHints":{"allow":["GET"]}}],"collection":[{"href":"https:\/\/quicosenza.it\/news\/wp-json\/wp\/v2\/posts"}],"about":[{"href":"https:\/\/quicosenza.it\/news\/wp-json\/wp\/v2\/types\/post"}],"author":[{"embeddable":true,"href":"https:\/\/quicosenza.it\/news\/wp-json\/wp\/v2\/users\/22"}],"replies":[{"embeddable":true,"href":"https:\/\/quicosenza.it\/news\/wp-json\/wp\/v2\/comments?post=50965"}],"version-history":[{"count":0,"href":"https:\/\/quicosenza.it\/news\/wp-json\/wp\/v2\/posts\/50965\/revisions"}],"wp:featuredmedia":[{"embeddable":true,"href":"https:\/\/quicosenza.it\/news\/wp-json\/wp\/v2\/media\/50966"}],"wp:attachment":[{"href":"https:\/\/quicosenza.it\/news\/wp-json\/wp\/v2\/media?parent=50965"}],"wp:term":[{"taxonomy":"category","embeddable":true,"href":"https:\/\/quicosenza.it\/news\/wp-json\/wp\/v2\/categories?post=50965"},{"taxonomy":"post_tag","embeddable":true,"href":"https:\/\/quicosenza.it\/news\/wp-json\/wp\/v2\/tags?post=50965"}],"curies":[{"name":"wp","href":"https:\/\/api.w.org\/{rel}","templated":true}]}}