{"id":51269,"date":"2016-01-12T09:37:32","date_gmt":"2016-01-12T08:37:32","guid":{"rendered":"https:\/\/www.quicosenza.it\/news\/senza-categoria\/anziano-disperso-a-praia-a-mare-avviate-le-ricerca-in-mare-si-ipotizza-il-suicidio\/"},"modified":"2023-01-17T11:26:43","modified_gmt":"2023-01-17T10:26:43","slug":"68937-anziano-disperso-a-praia-a-mare-avviate-le-ricerca-in-mare-si-ipotizza-il-suicidio","status":"publish","type":"post","link":"https:\/\/quicosenza.it\/news\/68937-anziano-disperso-a-praia-a-mare-avviate-le-ricerca-in-mare-si-ipotizza-il-suicidio\/","title":{"rendered":"Anziano disperso a Praia a Mare, avviate le ricerca in mare. Si ipotizza il suicidio"},"content":{"rendered":"<h4>Un uomo di 85 anni, risulta scomparso da ieri\u00a0pomeriggio e a lanciare l&#8217;allarme sono stati i familiari, in particolare la moglie dell&#8217;anziano, preoccupata perch\u00e8 il marito non \u00e8 pi\u00f9 tornato a casa.<\/h4>\n<p><!--more--><\/p>\n<p>&nbsp;<\/p>\n<p>PRAIA A MARE (CS) &#8211; Il suo cappotto ed altri effetti personali sono stati trovati in spiaggia, davanti l&#8217;ex stabilimento Marlane, e pertanto si ipotizza che l&#8217;uomo possa essere finito in mare e si fa insistente l&#8217;ipotesi di un suicidio. Le ricerche sono orientate in mare anche se \u00e8 ancora molto mosso. Sul posto ieri si \u00e8 recato un elicottero della Guardia costiera e nelle ricerche sono impegnati anche i carabinieri. Contemporaneamente i familiari si sono mobilitati e quando hanno trovato il capotto dell\u2019uomo sulla battigia nei pressi dello stabilimento della Marlane i carabinieri hanno allertato la capitaneria di porto di Maratea per iniziare le ricerche via mare. L&#8217;elicottero della Guardia Costiera ieri, \u00e8 giunto intorno alle 15.30.<\/p>\n","protected":false},"excerpt":{"rendered":"<p>Un uomo di 85 anni, risulta scomparso da ieri\u00a0pomeriggio e a lanciare l&#8217;allarme sono stati i familiari, in particolare la moglie dell&#8217;anziano, preoccupata perch\u00e8 il marito non \u00e8 pi\u00f9 tornato a casa.<\/p>\n","protected":false},"author":22,"featured_media":51270,"comment_status":"open","ping_status":"open","sticky":false,"template":"","format":"standard","meta":{"_acf_changed":false,"footnotes":"","jetpack_publicize_message":"","jetpack_publicize_feature_enabled":true,"jetpack_social_post_already_shared":false,"jetpack_social_options":{"image_generator_settings":{"template":"highway","default_image_id":0,"font":"","enabled":false},"version":2}},"categories":[28],"tags":[],"class_list":["post-51269","post","type-post","status-publish","format-standard","has-post-thumbnail","hentry","category-provincia"],"acf":[],"jetpack_publicize_connections":[],"_links":{"self":[{"href":"https:\/\/quicosenza.it\/news\/wp-json\/wp\/v2\/posts\/51269","targetHints":{"allow":["GET"]}}],"collection":[{"href":"https:\/\/quicosenza.it\/news\/wp-json\/wp\/v2\/posts"}],"about":[{"href":"https:\/\/quicosenza.it\/news\/wp-json\/wp\/v2\/types\/post"}],"author":[{"embeddable":true,"href":"https:\/\/quicosenza.it\/news\/wp-json\/wp\/v2\/users\/22"}],"replies":[{"embeddable":true,"href":"https:\/\/quicosenza.it\/news\/wp-json\/wp\/v2\/comments?post=51269"}],"version-history":[{"count":0,"href":"https:\/\/quicosenza.it\/news\/wp-json\/wp\/v2\/posts\/51269\/revisions"}],"wp:featuredmedia":[{"embeddable":true,"href":"https:\/\/quicosenza.it\/news\/wp-json\/wp\/v2\/media\/51270"}],"wp:attachment":[{"href":"https:\/\/quicosenza.it\/news\/wp-json\/wp\/v2\/media?parent=51269"}],"wp:term":[{"taxonomy":"category","embeddable":true,"href":"https:\/\/quicosenza.it\/news\/wp-json\/wp\/v2\/categories?post=51269"},{"taxonomy":"post_tag","embeddable":true,"href":"https:\/\/quicosenza.it\/news\/wp-json\/wp\/v2\/tags?post=51269"}],"curies":[{"name":"wp","href":"https:\/\/api.w.org\/{rel}","templated":true}]}}