{"id":52809,"date":"2016-02-14T07:30:28","date_gmt":"2016-02-14T06:30:28","guid":{"rendered":"https:\/\/www.quicosenza.it\/news\/senza-categoria\/domani-allunical-incontro-con-toni-servillo\/"},"modified":"2023-01-17T11:29:58","modified_gmt":"2023-01-17T10:29:58","slug":"75222-domani-allunical-incontro-con-toni-servillo","status":"publish","type":"post","link":"https:\/\/quicosenza.it\/news\/75222-domani-allunical-incontro-con-toni-servillo\/","title":{"rendered":"Domani all&#8217;Unical incontro con Toni Servillo"},"content":{"rendered":"<p style=\"text-align: justify;\"><strong>L&#8217;appuntamento, inizialmente previsto a\u00a0gennaio, \u00e8 stato rinviato a causa delle avverse condizioni climatiche.<\/strong><!--more--><\/p>\n<p>&nbsp;<\/p>\n<p style=\"text-align: justify;\">RENDE (CS) &#8211; Domani,\u00a0alle 18:00, presso il Teatro Auditorium Unical sar\u00e0 presentato il volume <strong>&#8220;Toni Servillo. Oltre l&#8217;attore&#8221;<\/strong> (Donzelli Editore) a cura di Roberto De Gaetano e Bruno Roberti.\u00a0Alla fine della presentazione ci sar\u00e0 un momento dedicato alle domande dal pubblico.\u00a0<strong>Toni Servillo<\/strong> non \u00e8 solo il pi\u00f9 noto e pluripremiato attore italiano contemporaneo di teatro e di cinema, ma \u00e8 anche una delle figure pi\u00f9 importanti del nostro spettacolo a cavallo tra fine Novecento e anni Duemila, che ha saputo rileggere, a partire dal suo straordinario lavoro di regista teatrale, la <strong>tradizione della commedia<\/strong> e della maschera comica italiana ed europea, e a proiettare un modo di pensare e vivere la scena in una citt\u00e0 come Napoli in un contesto europeo e internazionale. E con il suo lavoro d\u2019attore cinematografico, Servillo ha inoltre segnato alcuni dei momenti pi\u00f9 significativi del cinema italiano contemporaneo, anche per il modo in cui hanno saputo restituire il presente politico e sociale del Paese: da Il divo a Gomorra.<\/p>\n<p>&nbsp;<\/p>\n","protected":false},"excerpt":{"rendered":"<p>L&#8217;appuntamento, inizialmente previsto a\u00a0gennaio, \u00e8 stato rinviato a causa delle avverse condizioni climatiche.<\/p>\n","protected":false},"author":22,"featured_media":52810,"comment_status":"open","ping_status":"open","sticky":false,"template":"","format":"standard","meta":{"_acf_changed":false,"footnotes":"","jetpack_publicize_message":"","jetpack_publicize_feature_enabled":true,"jetpack_social_post_already_shared":false,"jetpack_social_options":{"image_generator_settings":{"template":"highway","default_image_id":0,"font":"","enabled":false},"version":2}},"categories":[7],"tags":[],"class_list":["post-52809","post","type-post","status-publish","format-standard","has-post-thumbnail","hentry","category-universita"],"acf":[],"jetpack_publicize_connections":[],"_links":{"self":[{"href":"https:\/\/quicosenza.it\/news\/wp-json\/wp\/v2\/posts\/52809","targetHints":{"allow":["GET"]}}],"collection":[{"href":"https:\/\/quicosenza.it\/news\/wp-json\/wp\/v2\/posts"}],"about":[{"href":"https:\/\/quicosenza.it\/news\/wp-json\/wp\/v2\/types\/post"}],"author":[{"embeddable":true,"href":"https:\/\/quicosenza.it\/news\/wp-json\/wp\/v2\/users\/22"}],"replies":[{"embeddable":true,"href":"https:\/\/quicosenza.it\/news\/wp-json\/wp\/v2\/comments?post=52809"}],"version-history":[{"count":0,"href":"https:\/\/quicosenza.it\/news\/wp-json\/wp\/v2\/posts\/52809\/revisions"}],"wp:featuredmedia":[{"embeddable":true,"href":"https:\/\/quicosenza.it\/news\/wp-json\/wp\/v2\/media\/52810"}],"wp:attachment":[{"href":"https:\/\/quicosenza.it\/news\/wp-json\/wp\/v2\/media?parent=52809"}],"wp:term":[{"taxonomy":"category","embeddable":true,"href":"https:\/\/quicosenza.it\/news\/wp-json\/wp\/v2\/categories?post=52809"},{"taxonomy":"post_tag","embeddable":true,"href":"https:\/\/quicosenza.it\/news\/wp-json\/wp\/v2\/tags?post=52809"}],"curies":[{"name":"wp","href":"https:\/\/api.w.org\/{rel}","templated":true}]}}