{"id":52869,"date":"2016-02-15T10:19:21","date_gmt":"2016-02-15T09:19:21","guid":{"rendered":"https:\/\/www.quicosenza.it\/news\/senza-categoria\/primarie-il-pd-prende-tempo-magorno-escludo-un-rinvio-delle-elezioni-audio\/"},"modified":"2023-01-17T11:30:06","modified_gmt":"2023-01-17T10:30:06","slug":"75655-primarie-il-pd-prende-tempo-magorno-escludo-un-rinvio-delle-elezioni-audio","status":"publish","type":"post","link":"https:\/\/quicosenza.it\/news\/75655-primarie-il-pd-prende-tempo-magorno-escludo-un-rinvio-delle-elezioni-audio\/","title":{"rendered":"Primarie, il Pd prende tempo. Magorno: &#8220;escludo un rinvio delle elezioni&#8221; (AUDIO)"},"content":{"rendered":"<p><strong>E&#8217; chiaro che il Partito Democratico stia prendendo tempo sulle Primarie e che non ci sia ancora una condivisione unitaria sulla scelta del candidato sindaco per la citt\u00e0 dei Bruzi.<\/strong><\/p>\n<p><!--more--><\/p>\n<p>COSENZA &#8211; Le Primarie ancora sono incerte e dunque non \u00e8 detto che il centrosinistra ricorra a questa forma di consultazione, il prossimo sei marzo, per scegliere il candidato sindaco di Cosenza. \u201cL\u2019obiettivo \u00e8 arrivare a una <strong>Alleanza Civica<\/strong>, la pi\u00f9 ampia possibile &#8211; ha dichiarato Ernesto Magorno, segretario regionale del Pd dopo l&#8217;assemblea provinciale del Partito. Ma \u00e8 anche vero che sul Comune di Cosenza, da tempo aleggia l&#8217;ombra di presunte indagini sui conti e gli atti, e pertanto se il Commissario Carbone ravvisasse quanto denunciato dai &#8216;dimissionari&#8217; oppure il ministero accogliesse l&#8217;interrogazione presentata dai deputati Pd calabresi per chiedere di verificare i conti, le elezioni potrebbero slittare. Magorno pensa proprio di no: &#8220;<strong>Le elezioni di primavera si svolgeranno regolarmente<\/strong>&#8220;.<\/p>\n<p>Il segretario <strong>Magorno<\/strong>, \u00e8 intervenuto questa mattina ai <strong>microfoni<\/strong> di <strong>Rlb Radioattiva<\/strong><\/p>\n<p><span style=\"color: #ff0000;\"><strong>ASCOLTA L&#8217;INTERVISTA<\/strong><\/span><br \/>\n[audio_mp3 url=&#8221;http:\/\/www.quicosenza.it\/news\/wp-content\/uploads\/2016\/02\/Ernesto-Magorno-su-primarie-ed-elezioni.mp3&#8243;]<\/p>\n<p>&#8220;L&#8217;assemblea provinciale ha approvato un documento all&#8217;unanimit\u00e0 per promuovere un&#8217;alleanza civica tra il Pd e le forze che comunque lavorano a fianco del Governo Renzi mi riferisco a <strong>Morrone<\/strong>, all&#8217;Ncd di <strong>Gentile<\/strong> fino a <strong>Mancini&#8221;.<\/strong><\/p>\n<p>E il candidato <strong>Presta<\/strong>? &#8220;Noi non abbiamo discusso di nomi e ancora questo tavolo che dovrebbe dar vita all&#8217;alleanza civica non \u00e8 stato costituito &#8211; ha spiegato Magorno &#8211; Si fa questo tentativo, che speriamo vada in porto ma ancora non si sono fatti nomi e tantomeno\u00a0sono state archiviate le Primarie. Mi attengo a quello che l&#8217;assemblea ha approvato. Questa mattina Incarnato ha convocato il tavolo del centrosinistra e immagino proporr\u00e0 l&#8217;allargamento alle forze moderate e quando questo si costituir\u00e0 vedremo come evolveranno le cose&#8221;. Infine per quanto riguarda le elezioni, Magorno \u00e8 convinto: &#8220;a Cosenza si voter\u00e0. Escludo in maniera categorica che ci siano azioni tese a rinviare le elezioni di primavera 2016 a Cosenza&#8221;.<\/p>\n","protected":false},"excerpt":{"rendered":"<p>E&#8217; chiaro che il Partito Democratico stia prendendo tempo sulle Primarie e che non ci sia ancora una condivisione unitaria sulla scelta del candidato sindaco per la citt\u00e0 dei Bruzi.<\/p>\n","protected":false},"author":22,"featured_media":52870,"comment_status":"open","ping_status":"open","sticky":false,"template":"","format":"standard","meta":{"_acf_changed":false,"footnotes":"","jetpack_publicize_message":"","jetpack_publicize_feature_enabled":true,"jetpack_social_post_already_shared":false,"jetpack_social_options":{"image_generator_settings":{"template":"highway","default_image_id":0,"font":"","enabled":false},"version":2}},"categories":[563,42],"tags":[],"class_list":["post-52869","post","type-post","status-publish","format-standard","has-post-thumbnail","hentry","category-area-urbana","category-cosenza"],"acf":[],"jetpack_publicize_connections":[],"_links":{"self":[{"href":"https:\/\/quicosenza.it\/news\/wp-json\/wp\/v2\/posts\/52869","targetHints":{"allow":["GET"]}}],"collection":[{"href":"https:\/\/quicosenza.it\/news\/wp-json\/wp\/v2\/posts"}],"about":[{"href":"https:\/\/quicosenza.it\/news\/wp-json\/wp\/v2\/types\/post"}],"author":[{"embeddable":true,"href":"https:\/\/quicosenza.it\/news\/wp-json\/wp\/v2\/users\/22"}],"replies":[{"embeddable":true,"href":"https:\/\/quicosenza.it\/news\/wp-json\/wp\/v2\/comments?post=52869"}],"version-history":[{"count":0,"href":"https:\/\/quicosenza.it\/news\/wp-json\/wp\/v2\/posts\/52869\/revisions"}],"wp:featuredmedia":[{"embeddable":true,"href":"https:\/\/quicosenza.it\/news\/wp-json\/wp\/v2\/media\/52870"}],"wp:attachment":[{"href":"https:\/\/quicosenza.it\/news\/wp-json\/wp\/v2\/media?parent=52869"}],"wp:term":[{"taxonomy":"category","embeddable":true,"href":"https:\/\/quicosenza.it\/news\/wp-json\/wp\/v2\/categories?post=52869"},{"taxonomy":"post_tag","embeddable":true,"href":"https:\/\/quicosenza.it\/news\/wp-json\/wp\/v2\/tags?post=52869"}],"curies":[{"name":"wp","href":"https:\/\/api.w.org\/{rel}","templated":true}]}}