{"id":53036,"date":"2016-02-19T10:30:54","date_gmt":"2016-02-19T09:30:54","guid":{"rendered":"https:\/\/www.quicosenza.it\/news\/senza-categoria\/rifiuti-domani-assemblea-del-comitato-in-difesa-di-bucita-contro-le-decisioni-della-regione\/"},"modified":"2023-01-17T11:30:29","modified_gmt":"2023-01-17T10:30:29","slug":"76279-rifiuti-domani-assemblea-del-comitato-in-difesa-di-bucita-contro-le-decisioni-della-regione","status":"publish","type":"post","link":"https:\/\/quicosenza.it\/news\/76279-rifiuti-domani-assemblea-del-comitato-in-difesa-di-bucita-contro-le-decisioni-della-regione\/","title":{"rendered":"Rifiuti, domani assemblea del Comitato in difesa di Bucita contro le decisioni della Regione"},"content":{"rendered":"<p>&nbsp;<\/p>\n<p><strong>Ricomincia\u00a0la mobilitazione per chiedere che il bando &#8216;fotocopia&#8217; regionale venga\u00a0ritirato. Il\u00a0comitato in Difesa di Bucita ha promosso per domani, sabato 20 febbraio un&#8217;assemblea pubblica.<\/strong><\/p>\n<p><!--more--><\/p>\n<p>ROSSANO (CS) &#8211; &#8220;Questa \u00e8 stata la goccia che ha fatto traboccare il vaso&#8221;. Inizia cos\u00ec il duro comunicato diffuso dal Comitato sui\u00a0provvedimenti emessi dalla Giunta Oliverio in materia di Rifiuti che\u00a0sono in totale continuit\u00e0 con la giunta Scopelliti, ovvero &#8220;continuano a finanziare spregiudicatamente, sempre col pretesto dell&#8217;emergenza, il sistema di potere non estraneo ad interessi politico-malavitosi cos\u00ec chiaramente descritto dalla Commissione Pecorella&#8221;.<\/p>\n<p>Il Comitato lo definisce un &#8220;<strong>ridicolo bando<\/strong> per l&#8217;esportazione di rifiuti all&#8217;estero che regala ad aziende amiche 200 milioni di euro in due anni ha rappresentato, negli anni scorsi, l&#8217;apice della vergognosa gestione di un settore che ha sottratto alle tasche dei calabresi almeno 2 miliardi di euro con risultati indecenti. Ed infatti il comitato in difesa di Bucita, nel Febbraio 2014, aveva\u00a0avviato contro <strong>Scopelliti, Pugliano e Gualtieri<\/strong> (rispettivamente Presidente della Giunta Regionale, Assessore Regionale all&#8217;Ambiente e Dirigente Generale del Dipartimento Ambiente) una mobilitazione decisa per il ritiro di questo bando che farebbe arrivare nella Sibaritide tutti i rifiuti tal-quale della provincia di Cosenza, invadendo Bucita, la zona industriale di Sant&#8217;Irene ed il porto di Corigliano Calabro. Dopo 32 giorni di presidio e 2 manifestazioni, la regione retta dal centrodestra ha ben pensato di ritirare il bando della vergogna&#8221;.<\/p>\n<p>A spiegare i motivi, ai microfoni di <strong>Rlb Radioattiva<\/strong>, che hanno spinto ad organizzare nuovamente una mobilitazione contro le decisioni della Giunta Oliverio, \u00e8<strong> Ciccio Ratti, del\u00a0Comitato in difesa di Bucita.<\/strong><\/p>\n<p><span style=\"color: #ff0000;\"><strong>ASCOLTA L&#8217;INTERVISTA<br \/>\n[audio_mp3 url=&#8221;http:\/\/www.quicosenza.it\/news\/wp-content\/uploads\/2016\/02\/Ciccio-Ratti-su-Bucita-discarica.mp3&#8243;]<br \/>\n<\/strong><\/span><\/p>\n<p>Ed ora si torna punto e daccapo: &#8220;E&#8217;\u00a0davvero incredibile che, dopo una campagna elettorale fatta da slogan importanti come \u201c<strong>rifiuti zero<\/strong>\u201d &#8211; prosegue la nota &#8211; e da promesse di collaborazione, la Giunta Oliverio riproponga questo obbrobrio epocale, da ogni punto di vista: finanziario, normativo, ambientale.\u00a0Pensare che lo stesso Oliverio, proprio nel 2014, prese posizione contro la Regione e chiese, insieme al tutto il Consiglio Provinciale da lui presieduto, il ritiro del bando. Forse il governatore venuto da San Giovanni crede di avere la dote di trasformare la ruggine in oro, ma non \u00e8 cos\u00ec: la Regione Calabria deve ritirare immediatamente questo bando senza se e senza ma. Questo territorio ha gi\u00e0 offerto al sistema rifiuti regionale tre discariche ed un impianto consortile, abbiamo gi\u00e0 dato&#8221;.<\/p>\n<p>&#8220;Se qualche \u201c<strong>funzionaricchio<\/strong>\u201d della regione o qualche stampella del governatore intende continuare a fare finta di nulla, sappia che abbiamo gi\u00e0 trovato le voci di bilancio appositamente spostate dal 2015 al 2017, a sostegno di <strong>questo piano vergognoso<\/strong>&#8220;.<\/p>\n<p>In attesa pertanto di provvedimenti che interrompano questo processo, il comitato in Difesa di <strong>Bucita<\/strong> ha avviato la mobilitazione convocando per <strong>domani mattina alle 9.00<\/strong> una prima assemblea pubblica presso il bivio Amica-Paludi a Rossano\u00a0alla quale \u00e8 stata\u00a0invitata tutta la cittadinanza, le associazioni, i movimenti, le organizzazioni dei lavoratori e di categoria (con particolare riferimento ad agricoltura e turismo), le compagini politiche e tutti i cittadini della <strong>Sibaritide<\/strong> che ritengono di non dover vivere in un posto trasformato nella pattumiera della Calabria.\u00a0Infine sono stati invitati\u00a0i cittadini e le aggregazioni che due anni fa avevano dato vita al Comitato per la Tutela del Territorio di <strong>Corigliano<\/strong> a riorganizzarsi per difendere insieme il territorio ed il Porto.<\/p>\n<p>&nbsp;<\/p>\n<p><a href=\"https:\/\/quicosenza.it\/news\/381\"><img loading=\"lazy\" decoding=\"async\" class=\"  wp-image-76283 aligncenter\" src=\"http:\/\/www.quicosenza.it\/news\/wp-content\/uploads\/2016\/02\/assemblea-pubblica_web-198x280.jpg\" alt=\"bucita discarica assemblea\" width=\"455\" height=\"643\" title=\"\"><\/a><\/p>\n","protected":false},"excerpt":{"rendered":"<p>&nbsp; Ricomincia\u00a0la mobilitazione per chiedere che il bando &#8216;fotocopia&#8217; regionale venga\u00a0ritirato. Il\u00a0comitato in Difesa di Bucita ha promosso per domani, sabato 20 febbraio un&#8217;assemblea pubblica.<\/p>\n","protected":false},"author":19,"featured_media":53037,"comment_status":"open","ping_status":"open","sticky":false,"template":"","format":"standard","meta":{"_acf_changed":false,"footnotes":"","jetpack_publicize_message":"","jetpack_publicize_feature_enabled":true,"jetpack_social_post_already_shared":false,"jetpack_social_options":{"image_generator_settings":{"template":"highway","default_image_id":0,"font":"","enabled":false},"version":2}},"categories":[28],"tags":[],"class_list":["post-53036","post","type-post","status-publish","format-standard","has-post-thumbnail","hentry","category-provincia"],"acf":[],"jetpack_publicize_connections":[],"_links":{"self":[{"href":"https:\/\/quicosenza.it\/news\/wp-json\/wp\/v2\/posts\/53036","targetHints":{"allow":["GET"]}}],"collection":[{"href":"https:\/\/quicosenza.it\/news\/wp-json\/wp\/v2\/posts"}],"about":[{"href":"https:\/\/quicosenza.it\/news\/wp-json\/wp\/v2\/types\/post"}],"author":[{"embeddable":true,"href":"https:\/\/quicosenza.it\/news\/wp-json\/wp\/v2\/users\/19"}],"replies":[{"embeddable":true,"href":"https:\/\/quicosenza.it\/news\/wp-json\/wp\/v2\/comments?post=53036"}],"version-history":[{"count":0,"href":"https:\/\/quicosenza.it\/news\/wp-json\/wp\/v2\/posts\/53036\/revisions"}],"wp:featuredmedia":[{"embeddable":true,"href":"https:\/\/quicosenza.it\/news\/wp-json\/wp\/v2\/media\/53037"}],"wp:attachment":[{"href":"https:\/\/quicosenza.it\/news\/wp-json\/wp\/v2\/media?parent=53036"}],"wp:term":[{"taxonomy":"category","embeddable":true,"href":"https:\/\/quicosenza.it\/news\/wp-json\/wp\/v2\/categories?post=53036"},{"taxonomy":"post_tag","embeddable":true,"href":"https:\/\/quicosenza.it\/news\/wp-json\/wp\/v2\/tags?post=53036"}],"curies":[{"name":"wp","href":"https:\/\/api.w.org\/{rel}","templated":true}]}}