{"id":53061,"date":"2016-02-18T15:56:44","date_gmt":"2016-02-18T14:56:44","guid":{"rendered":"https:\/\/www.quicosenza.it\/news\/senza-categoria\/76353\/"},"modified":"2023-01-17T11:30:32","modified_gmt":"2023-01-17T10:30:32","slug":"76353-76353","status":"publish","type":"post","link":"https:\/\/quicosenza.it\/news\/76353-76353\/","title":{"rendered":"Scuola, a Corigliano parte il progetto &#8221;Le Professioni del Mare&#8221;"},"content":{"rendered":"<p style=\"text-align: justify;\"><strong>Domani, alle 10.30, presso l&#8217;Aula Magna dell&#8217;Itg \u201cFalcone e Borsellino\u201d di Corigliano Calabro sar\u00e0 presentato \u00a0l&#8217;organismo che presieder\u00e0 l&#8217;intera progettualit\u00e0 nell&#8217;ambito dell&#8217;alternanza scuola-lavoro.<\/strong><!--more--><\/p>\n<p>&nbsp;<\/p>\n<p style=\"text-align: justify;\">CORIGLIANO C. (CS) &#8211; Nel corso dell&#8217;iniziativa, che vedr\u00e0 anche la presenza di autorit\u00e0 civili e militari, sar\u00e0 presentato il progetto di alternanza scuola-lavoro <strong>\u201cLe professioni del mare\u201d<\/strong>, rivolto agli studenti dell&#8217;indirizzo Trasporto e Logistica con conduzione del mezzo navale (ex Nautico), indirizzo unico nel suo genere nell&#8217;intera provincia di Cosenza. Il progetto \u00e8 stato realizzato dall&#8217;IIS \u201cGreen &#8211; Falcone e Borsellino\u201d in collaborazione con il Rotary Club Corigliano-Rossano \u201cSybaris\u201d e i Cantieri navali Montesanto di Cariati, unitamente ai partner istituzionali Autorit\u00e0 portuale di Gioia Tauro-Porto di Corigliano e Capitaneria di Porto di Corigliano.<\/p>\n<p>&nbsp;<\/p>\n<p style=\"text-align: justify;\">Un progetto di alta valenza, ideato e messo a punto nei minimi particolari al fine di superare la disgiunzione tra la fase prettamente formativa e la fase pratica, offrendo agli studenti un percorso didattico pi\u00f9 ampio in grado di incrementarne l&#8217;aspetto motivazionale grazie ad una proficua interazione tra la scuola e il territorio. \u00c8 con questo spirito che, in linea con i dettami normativi sull&#8217;<strong>alternanza scuola-lavoro<\/strong>, l&#8217;IIS \u201cGreen \u2013 Falcone e Borsellino\u201d sta portando avanti una serie di attivit\u00e0 progettuali, promuovendo una sana e positiva sinergia con vari enti del territorio, tra cui il Circolo Velico Lucano di Policoro con il quale \u00e8 stato firmato un protocollo d&#8217;intesa per la realizzazione di attivit\u00e0 di scuola &#8211; impresa.<\/p>\n","protected":false},"excerpt":{"rendered":"<p>Domani, alle 10.30, presso l&#8217;Aula Magna dell&#8217;Itg \u201cFalcone e Borsellino\u201d di Corigliano Calabro sar\u00e0 presentato \u00a0l&#8217;organismo che presieder\u00e0 l&#8217;intera progettualit\u00e0 nell&#8217;ambito dell&#8217;alternanza scuola-lavoro.<\/p>\n","protected":false},"author":22,"featured_media":53062,"comment_status":"open","ping_status":"open","sticky":false,"template":"","format":"standard","meta":{"_acf_changed":false,"footnotes":"","jetpack_publicize_message":"","jetpack_publicize_feature_enabled":true,"jetpack_social_post_already_shared":false,"jetpack_social_options":{"image_generator_settings":{"template":"highway","default_image_id":0,"font":"","enabled":false},"version":2}},"categories":[28],"tags":[],"class_list":["post-53061","post","type-post","status-publish","format-standard","has-post-thumbnail","hentry","category-provincia"],"acf":[],"jetpack_publicize_connections":[],"_links":{"self":[{"href":"https:\/\/quicosenza.it\/news\/wp-json\/wp\/v2\/posts\/53061","targetHints":{"allow":["GET"]}}],"collection":[{"href":"https:\/\/quicosenza.it\/news\/wp-json\/wp\/v2\/posts"}],"about":[{"href":"https:\/\/quicosenza.it\/news\/wp-json\/wp\/v2\/types\/post"}],"author":[{"embeddable":true,"href":"https:\/\/quicosenza.it\/news\/wp-json\/wp\/v2\/users\/22"}],"replies":[{"embeddable":true,"href":"https:\/\/quicosenza.it\/news\/wp-json\/wp\/v2\/comments?post=53061"}],"version-history":[{"count":0,"href":"https:\/\/quicosenza.it\/news\/wp-json\/wp\/v2\/posts\/53061\/revisions"}],"wp:featuredmedia":[{"embeddable":true,"href":"https:\/\/quicosenza.it\/news\/wp-json\/wp\/v2\/media\/53062"}],"wp:attachment":[{"href":"https:\/\/quicosenza.it\/news\/wp-json\/wp\/v2\/media?parent=53061"}],"wp:term":[{"taxonomy":"category","embeddable":true,"href":"https:\/\/quicosenza.it\/news\/wp-json\/wp\/v2\/categories?post=53061"},{"taxonomy":"post_tag","embeddable":true,"href":"https:\/\/quicosenza.it\/news\/wp-json\/wp\/v2\/tags?post=53061"}],"curies":[{"name":"wp","href":"https:\/\/api.w.org\/{rel}","templated":true}]}}