{"id":53146,"date":"2016-02-20T10:24:12","date_gmt":"2016-02-20T09:24:12","guid":{"rendered":"https:\/\/www.quicosenza.it\/news\/senza-categoria\/il-cosentino-giovanni-tocci\/"},"modified":"2023-01-17T11:30:41","modified_gmt":"2023-01-17T10:30:41","slug":"76893-il-cosentino-giovanni-tocci","status":"publish","type":"post","link":"https:\/\/quicosenza.it\/news\/76893-il-cosentino-giovanni-tocci\/","title":{"rendered":"Fantastico Tocci: il tuffatore cosentino parteciper\u00e0 ai Giochi Olimpici di Rio De Janeiro"},"content":{"rendered":"<p><strong>L&#8217;atleta cosentino della Tubisider, in coppia con Andrea Chiarabini, grazie al quinto posto nella gara di sincro dal trampolino 3 metri, ha centrato la qualificazione per le Olimpiadi in Brasile<\/strong><!--more--><\/p>\n<p>&nbsp;<\/p>\n<p>RIO DE JANEIRO\u00a0&#8211; Tra gli\u00a0atleti italiani che parteciperanno alle prossime <strong>XXXI Olimpiadi<\/strong> in programma ad agosto a <strong>Rio De Janerio<\/strong> in <strong>Brasile<\/strong>, ci sar\u00e0 anche il tuffatore cosentino <strong>Giovanni Tocc<\/strong>i. Il 22enne caporal maggiore dell&#8217;esercito, cresciuto sportivamente nella piscina di Campagnano e atleta della <strong>Tubisider Cosenza<\/strong>, grazie al quinto posto ottenuto nella <strong>gara sincro<\/strong> dal <strong>trampolino 3 metri<\/strong> nel nuovissimo impianto di <strong>Maria Lenk Acqautic Center<\/strong> (lo stesso che tra qualche mese ospiter\u00e0 i tuffi olimpici),\u00a0in coppia con <strong>Andrea Chiarabini,<\/strong> ha cos\u00ec staccato il pass per la pi\u00f9 importante manifestazione sportiva del mondo.\u00a0Se per\u00a0il rappresentante delle Fiamme Oro Andrea Chiarabini quella di Rio sar\u00e0\u00a0seconda partecipazione olimpica, per Giovanni\u00a0Tocci si tratter\u00e0 dell&#8217;esordio assoluto.<\/p>\n<div id=\"attachment_76904\" style=\"width: 613px\" class=\"wp-caption aligncenter\"><a href=\"https:\/\/quicosenza.it\/news\/394\" rel=\"attachment wp-att-76904\"><img loading=\"lazy\" decoding=\"async\" aria-describedby=\"caption-attachment-76904\" class=\"wp-image-76904\" src=\"https:\/\/quicosenza.it\/news\/394\" alt=\"Tocci Chiarabini\" width=\"603\" height=\"332\" title=\"\"><\/a><p id=\"caption-attachment-76904\" class=\"wp-caption-text\">Tocci e Chiarabini nella gara che li ha qualificati per Rio<\/p><\/div>\n<p>La coppia azzurra \u00e8 riuscita ad ottenere la qualificazione grazie al <strong>quinto posto nella finale a 12<\/strong> della Coppa del mondo con il punteggio di\u00a0<strong>395,46<\/strong>.\u00a0Davanti agli azzurri si sono piazzati i fortissimi\u00a0cinesi, campioni del mondo in carica, Cao Yuan e Qin Kai (secondi con 419,67 punti), \u00a0i britannici Jack Laugher e Chris Mears bronzo iridati (quarti con 400,32 punti).<\/p>\n<p>Per Tocci,\u00a0allenato da Lyubov Barsukova &#8211; come detto sar\u00e0 l&#8217;esordio assoluto nella manifestazione a 5 cechi. L&#8217;atleta calabrese ha gi\u00e0 alle spalle nel sincro 3 metri un <strong>quinto posto ottenuto all&#8217;europeo di\u00a0Rostock<\/strong> di due anni fa con Andreas Billi ed un <strong>quarto a Berlino nel 2014<\/strong> in coppia\u00a0Michele Benedetti; mentre ai campionati mondiali si \u00e8 piazzato al 12esimo posto a Barcellona 2013 con Andreas Billi e al nono posto a Kazan 2015 col compagno Chiarabini con cui parteciper\u00e0 alle Olimpiadi di Rio de Janeiro.<\/p>\n<p>Per Tocci, che nei mondiali juniores ha gi\u00e0 vinto 4 ori e un bronzo, gareggiare alle olimpiadi \u00e8 un sogno che si avvera e un traguardo raggiunto con tanti sacrifici: &#8220;<em>sono felicissimo \u00e8 stato un grande risultato, cercato a lungo insieme a Andrea in questi ultimi mesi di allenamenti trascorsi tra Cosenza, Roma e Bolzano. Le mie non perfette condizioni fisiche hanno molte volte ostacolato la preparazione, per\u00f2 qui non potevamo fallire.\u00a0Questa era l&#8217;ultima prova utile e, pur qualificandoci per la finale con l&#8217;ultimo posto utile, abbiamo dato il massimo di noi stessi per far bene ed alla fine ci siamo riusciti. Grazie a tutti,<\/em>\u00a0<em>al mio tecnico Lyubov Barsukova che mi segue giornalmente, allo staff della Federazione che ha creduto in me ed in Andrea e chiaramente al Centro Sportivo Esercito per il supporto tecnico e sanitario che mi ha giornalmente dato perch\u00e9 potessi sempre esprimere al meglio delle mie possibilit<\/em>\u00e0&#8221;.<\/p>\n<p>&nbsp;<\/p>\n","protected":false},"excerpt":{"rendered":"<p>L&#8217;atleta cosentino della Tubisider, in coppia con Andrea Chiarabini, grazie al quinto posto nella gara di sincro dal trampolino 3 metri, ha centrato la qualificazione per le Olimpiadi in Brasile<\/p>\n","protected":false},"author":24,"featured_media":53147,"comment_status":"open","ping_status":"open","sticky":false,"template":"","format":"standard","meta":{"_acf_changed":false,"footnotes":"","jetpack_publicize_message":"","jetpack_publicize_feature_enabled":true,"jetpack_social_post_already_shared":false,"jetpack_social_options":{"image_generator_settings":{"template":"highway","default_image_id":0,"font":"","enabled":false},"version":2}},"categories":[20],"tags":[],"class_list":["post-53146","post","type-post","status-publish","format-standard","has-post-thumbnail","hentry","category-sport"],"acf":[],"jetpack_publicize_connections":[],"_links":{"self":[{"href":"https:\/\/quicosenza.it\/news\/wp-json\/wp\/v2\/posts\/53146","targetHints":{"allow":["GET"]}}],"collection":[{"href":"https:\/\/quicosenza.it\/news\/wp-json\/wp\/v2\/posts"}],"about":[{"href":"https:\/\/quicosenza.it\/news\/wp-json\/wp\/v2\/types\/post"}],"author":[{"embeddable":true,"href":"https:\/\/quicosenza.it\/news\/wp-json\/wp\/v2\/users\/24"}],"replies":[{"embeddable":true,"href":"https:\/\/quicosenza.it\/news\/wp-json\/wp\/v2\/comments?post=53146"}],"version-history":[{"count":0,"href":"https:\/\/quicosenza.it\/news\/wp-json\/wp\/v2\/posts\/53146\/revisions"}],"wp:featuredmedia":[{"embeddable":true,"href":"https:\/\/quicosenza.it\/news\/wp-json\/wp\/v2\/media\/53147"}],"wp:attachment":[{"href":"https:\/\/quicosenza.it\/news\/wp-json\/wp\/v2\/media?parent=53146"}],"wp:term":[{"taxonomy":"category","embeddable":true,"href":"https:\/\/quicosenza.it\/news\/wp-json\/wp\/v2\/categories?post=53146"},{"taxonomy":"post_tag","embeddable":true,"href":"https:\/\/quicosenza.it\/news\/wp-json\/wp\/v2\/tags?post=53146"}],"curies":[{"name":"wp","href":"https:\/\/api.w.org\/{rel}","templated":true}]}}