{"id":53231,"date":"2016-02-23T06:21:36","date_gmt":"2016-02-23T05:21:36","guid":{"rendered":"https:\/\/www.quicosenza.it\/news\/senza-categoria\/metro-leggera-miceli-m5s-manna-tradisce-il-voto-degli-elettori-venerdi-saremo-in-piazza\/"},"modified":"2023-01-17T11:30:51","modified_gmt":"2023-01-17T10:30:51","slug":"77264-metro-leggera-miceli-m5s-manna-tradisce-il-voto-degli-elettori-venerdi-saremo-in-piazza","status":"publish","type":"post","link":"https:\/\/quicosenza.it\/news\/77264-metro-leggera-miceli-m5s-manna-tradisce-il-voto-degli-elettori-venerdi-saremo-in-piazza\/","title":{"rendered":"Metro leggera, Miceli (M5S): &#8220;Manna tradisce voto degli elettori&#8221; (AUDIO)"},"content":{"rendered":"<p><strong>Il sindaco si dice favorevole alla mega opera, ma in campagna elettorale nel 2014, era contrario.<\/strong><\/p>\n<p><!--more--><\/p>\n<p>RENDE (CS) &#8211; &#8220;Intercettare <strong>voti<\/strong> per poi <strong>tradirli<\/strong>. La storia si ripete ad ogni campagna elettorale e il caso <strong>Manna<\/strong> non fa eccezione. Anzi, conferma questa regola che ormai ha disaffezionato il cittadino alle \u201cpromesse\u201d dei politici&#8221;. A dirlo \u00e8 consigliere comunale d&#8217;opposizione a Rende,<strong> Domenico Miceli,<\/strong> pentastellato, che sottolinea come &#8220;il <strong>caso della metro leggera<\/strong> rappresenti l\u2019emblema della facilit\u00e0 con la quale il primo cittadino di centro destra di Rende cambia idea in base a come cambia il vento politico dell\u2019area urbana&#8221;.<\/p>\n<p>&#8220;Caduto Occhiuto, Manna ha pensato bene di sconfessare tutti i progetti portati avanti con lui &#8211; ha dichiarato Miceli &#8211; a partire proprio dai trasporti. E mentre in citt\u00e0 sta per partire (almeno sulla carta) la nuova linea del trasporto pubblico locale dell\u2019area urbana, per capirci quella che ha lasciato fuori Montalto, Manna sospinto da chi comanda il suo esecutivo, cambia idea sulla metro leggera, creando di fatto una sovrapposizione di servizi tra loro inconciliabili.<strong> Ricordiamo bene la sua contrariet\u00e0<\/strong> al progetto espressa in <strong>campagna elettorale<\/strong> <em>(foto<\/em>)\u00a0e il suo programma non ne fa mistero&#8221;.<\/p>\n<p>Domenico Miceli \u00e8 stato intervistato in merito ai microfoni di Rlb Radioattiva<\/p>\n<p><span style=\"color: #ff0000;\"><strong>ASCOLTA L&#8217;INTERVISTA<br \/>\n<\/strong><\/span>[audio_mp3 url=&#8221;http:\/\/www.quicosenza.it\/news\/wp-content\/uploads\/2016\/02\/Domenico-miceli-su-manna-e-metroleggera.mp3&#8243;]<\/p>\n<p>\u201cIl progetto della metropolitana leggera \u2013 scriveva l\u2019allora candidato a sindaco &#8211; appare superato dal punto di vista funzionale per l&#8217;impatto ambientale e il rapporto costo\/benefici, come dimostrano le esperienze di altre citt\u00e0 non solo italiane\u201d.\u00a0Oggi <strong>Manna ha radicalmente cambiato ide<\/strong>a. Paradossalmente la metro leggera diventa &#8220;sostenibile&#8221;.<\/p>\n<p>Si \u00e8 trasformata in un&#8217;opportunit\u00e0 per l&#8217;area urbana. Noi non ci stiamo e <strong>venerd\u00ec<\/strong> prossimo <strong>(26 febbraio alle ore 1<\/strong>7) saremo in <strong>piazza XI Settembre<\/strong> per spiegare dettagliatamente i motivi che ci portano a bocciare in modo fermo e convinto il progetto della metro leggera. L\u2019area urbana non ha bisogno di grandi opere fallimentari, ha invece bisogno di maggiori attenzioni per le piccole cose a misura di cittadino: dalle buche al verde pubblico, dal decoro urbano all\u2019attenzione verso le periferie e il centro storico. Con la metro leggera<strong> bruceremo 160 milioni di euro<\/strong> distruggendo il tessuto urbano di Rende: &#8220;tutto &#8211; ha concluso Miceli &#8211; \u00a0ci\u00f2 \u00e8 <strong>inammissibile<\/strong>&#8220;.<\/p>\n","protected":false},"excerpt":{"rendered":"<p>Il sindaco si dice favorevole alla mega opera, ma in campagna elettorale nel 2014, era contrario.<\/p>\n","protected":false},"author":22,"featured_media":53232,"comment_status":"open","ping_status":"open","sticky":false,"template":"","format":"standard","meta":{"_acf_changed":false,"footnotes":"","jetpack_publicize_message":"","jetpack_publicize_feature_enabled":true,"jetpack_social_post_already_shared":false,"jetpack_social_options":{"image_generator_settings":{"template":"highway","default_image_id":0,"font":"","enabled":false},"version":2}},"categories":[563,571,44],"tags":[],"class_list":["post-53231","post","type-post","status-publish","format-standard","has-post-thumbnail","hentry","category-area-urbana","category-in-evidenza","category-rende"],"acf":[],"jetpack_publicize_connections":[],"_links":{"self":[{"href":"https:\/\/quicosenza.it\/news\/wp-json\/wp\/v2\/posts\/53231","targetHints":{"allow":["GET"]}}],"collection":[{"href":"https:\/\/quicosenza.it\/news\/wp-json\/wp\/v2\/posts"}],"about":[{"href":"https:\/\/quicosenza.it\/news\/wp-json\/wp\/v2\/types\/post"}],"author":[{"embeddable":true,"href":"https:\/\/quicosenza.it\/news\/wp-json\/wp\/v2\/users\/22"}],"replies":[{"embeddable":true,"href":"https:\/\/quicosenza.it\/news\/wp-json\/wp\/v2\/comments?post=53231"}],"version-history":[{"count":0,"href":"https:\/\/quicosenza.it\/news\/wp-json\/wp\/v2\/posts\/53231\/revisions"}],"wp:featuredmedia":[{"embeddable":true,"href":"https:\/\/quicosenza.it\/news\/wp-json\/wp\/v2\/media\/53232"}],"wp:attachment":[{"href":"https:\/\/quicosenza.it\/news\/wp-json\/wp\/v2\/media?parent=53231"}],"wp:term":[{"taxonomy":"category","embeddable":true,"href":"https:\/\/quicosenza.it\/news\/wp-json\/wp\/v2\/categories?post=53231"},{"taxonomy":"post_tag","embeddable":true,"href":"https:\/\/quicosenza.it\/news\/wp-json\/wp\/v2\/tags?post=53231"}],"curies":[{"name":"wp","href":"https:\/\/api.w.org\/{rel}","templated":true}]}}