{"id":53304,"date":"2016-02-24T14:09:21","date_gmt":"2016-02-24T13:09:21","guid":{"rendered":"https:\/\/www.quicosenza.it\/news\/senza-categoria\/allunical-raccolta-firme-per-ridimensionare-le-tasse-universitarie\/"},"modified":"2023-01-17T11:30:58","modified_gmt":"2023-01-17T10:30:58","slug":"77527-allunical-raccolta-firme-per-ridimensionare-le-tasse-universitarie","status":"publish","type":"post","link":"https:\/\/quicosenza.it\/news\/77527-allunical-raccolta-firme-per-ridimensionare-le-tasse-universitarie\/","title":{"rendered":"All&#8217;Unical raccolta firme per ridimensionare le tasse universitarie"},"content":{"rendered":"<p style=\"text-align: justify;\"><strong>La proposta \u00e8 anche quella di\u00a0istituire un&#8217;area per tutelare le fasce deboli, in virt\u00f9 di quei principi morali sanciti dalla Carta Costituzionale.<\/strong> <!--more--><\/p>\n<p>&nbsp;<\/p>\n<p style=\"text-align: justify;\">RENDE (CS) &#8211; Il Firma Day Nazionale, organizzato dal Movimento 5 Stelle,\u00a0si terr\u00e0 il 29 febbraio in tutta Italia e\u00a0anche nell&#8217;ateneo di Arcavacata. L\u2019evento vedr\u00e0\u00a0 la presenza di un banchetto all\u2019Universit\u00e0 della Calabria nell\u2019area del\u00a0Book- Cafe dove saranno presenti, oltre agli studenti del gruppo &#8221;<strong>Universitari in Movimento&#8221;,<\/strong>\u00a0anche il Senatore della Repubblica Cittadino Nicola Morra, la Deputata del Parlamento Italiano Cittadino Dalila Nesci, il Deputato del Parlamento Italiano Paolo Parentela, il Consigliere Comunale di Rende Domenico Miceli, la consigliera comunale di Amantea Francesca Menichino e il Consigliere Comunale di Crosia Davide Tavernise, eletti per il Movimento 5 Stelle.<\/p>\n<p>&nbsp;<\/p>\n<p style=\"text-align: justify;\">L\u2019Italia \u00e8 tra i paesi europei con la tassazione universitaria pi\u00f9 alta e con <strong>il numero di laureati pi\u00f9 basso<\/strong>: solo il 23,7% degli italiani tra 30 e 40 anni ha una laurea, contro la media europea del 37,9%!\u00a0Per l\u2019Italia sar\u00e0 impossibile raggiungere l\u2019obiettivo del 40% nel 2020, come richiesto dall\u2019Europa. Le conseguenze per il Paese saranno disastrose, dal momento che esiste un fortissimo legame tra livello di istruzione della popolazione e sviluppo economico e sociale di un Paese. Attraverso questa petizione il Movimento 5 Stelle vuole esercitare una ulteriore pressione sul governo per sbloccare la situazione, e consentire al Parlamento di lavorare ed approvare una riforma del sistema di <strong>tassazione universitaria<\/strong>. Le firme raccolte saranno poi portate direttamente al ministro Stefania Giannini.<\/p>\n","protected":false},"excerpt":{"rendered":"<p>La proposta \u00e8 anche quella di\u00a0istituire un&#8217;area per tutelare le fasce deboli, in virt\u00f9 di quei principi morali sanciti dalla Carta Costituzionale.<\/p>\n","protected":false},"author":22,"featured_media":53305,"comment_status":"open","ping_status":"open","sticky":false,"template":"","format":"standard","meta":{"_acf_changed":false,"footnotes":"","jetpack_publicize_message":"","jetpack_publicize_feature_enabled":true,"jetpack_social_post_already_shared":false,"jetpack_social_options":{"image_generator_settings":{"template":"highway","default_image_id":0,"font":"","enabled":false},"version":2}},"categories":[7],"tags":[],"class_list":["post-53304","post","type-post","status-publish","format-standard","has-post-thumbnail","hentry","category-universita"],"acf":[],"jetpack_publicize_connections":[],"_links":{"self":[{"href":"https:\/\/quicosenza.it\/news\/wp-json\/wp\/v2\/posts\/53304","targetHints":{"allow":["GET"]}}],"collection":[{"href":"https:\/\/quicosenza.it\/news\/wp-json\/wp\/v2\/posts"}],"about":[{"href":"https:\/\/quicosenza.it\/news\/wp-json\/wp\/v2\/types\/post"}],"author":[{"embeddable":true,"href":"https:\/\/quicosenza.it\/news\/wp-json\/wp\/v2\/users\/22"}],"replies":[{"embeddable":true,"href":"https:\/\/quicosenza.it\/news\/wp-json\/wp\/v2\/comments?post=53304"}],"version-history":[{"count":0,"href":"https:\/\/quicosenza.it\/news\/wp-json\/wp\/v2\/posts\/53304\/revisions"}],"wp:featuredmedia":[{"embeddable":true,"href":"https:\/\/quicosenza.it\/news\/wp-json\/wp\/v2\/media\/53305"}],"wp:attachment":[{"href":"https:\/\/quicosenza.it\/news\/wp-json\/wp\/v2\/media?parent=53304"}],"wp:term":[{"taxonomy":"category","embeddable":true,"href":"https:\/\/quicosenza.it\/news\/wp-json\/wp\/v2\/categories?post=53304"},{"taxonomy":"post_tag","embeddable":true,"href":"https:\/\/quicosenza.it\/news\/wp-json\/wp\/v2\/tags?post=53304"}],"curies":[{"name":"wp","href":"https:\/\/api.w.org\/{rel}","templated":true}]}}