{"id":54290,"date":"2016-03-16T10:03:31","date_gmt":"2016-03-16T09:03:31","guid":{"rendered":"https:\/\/www.quicosenza.it\/news\/senza-categoria\/gli-incendiano-deposito-apre-un-negozio-un-bene-confiscato\/"},"modified":"2023-01-17T11:32:53","modified_gmt":"2023-01-17T10:32:53","slug":"81270-gli-incendiano-deposito-apre-un-negozio-un-bene-confiscato","status":"publish","type":"post","link":"https:\/\/quicosenza.it\/news\/81270-gli-incendiano-deposito-apre-un-negozio-un-bene-confiscato\/","title":{"rendered":"Gli incendiano il deposito e apre un nuovo negozio in un bene confiscato"},"content":{"rendered":"<p><strong>L&#8217;imprenditore Tiberio Bentivoglio ha inaugurato ieri, alla presenza di Lapo Elkann il suo nuovo negozio in un immobile assegnatogli dal Comune di Reggio Calabria, attingendo ai beni confiscati alle mafie.<\/strong><!--more--><\/p>\n<p>&nbsp;<\/p>\n<p>REGGIO CALABRIA &#8211; Bentivoglio \u00e8 certamente un simbolo non solo Reggio Calabria, ma per la regione intera, perch\u00e8 non si \u00e8 mai arresto e da anni lotta contro il racket e la criminalit\u00e0 organizzata. Il 29 febbraio, un incendio doloso ha distrutto il deposito della sua sanitaria Sant&#8217;Elia, un negozio per la vendita di articoli per la prima infanzia<strong>. I due locali adibiti a deposito sono stati cosparsi di liquido infiammabile e incendiati.<\/strong> Dopo che le fiamme sono state domate c&#8217;\u00e8 stato il sopralluogo degli agenti della polizia scientifica che hanno trovato i resti di una tanica di benzina.\u00a0Bentivoglio \u00e8 sotto scorta dal 1992, dopo aver subito una serie di intimidazioni e danneggiamenti ed essere stato ferito in un agguato nel febbraio 2011.<\/p>\n<p>&nbsp;<\/p>\n<p>&#8220;Come sar\u00e0 il 2016 per la Calabria e i calabresi? La crisi economica attanaglia ancora la regione, i giovani continuano ad abbandonare la Calabria, dove ormai l&#8217;et\u00e0 media \u00e8 di 50 anni e i pensionati sono il 40% della popolazione (1.900.000 abitanti). Questa in qualsiasi dizionario verrebbe chiamata involuzione. Per fortuna che il panorama non \u00e8 sempre uniforme: ci sono infatti degli eroi che hanno deciso che si pu\u00f2 fare business in Calabria e soprattutto che i benefici economici possono essere spesi sul territorio. Oggi sono qui proprio con uno di questi imprenditori, un eroe che lavora nel silenzio per non far morire, qui come altrove, il sogno italiano&#8221;. Cos\u00ec su Fb <strong>Lapo Elkann, volato ieri a Reggio Calabria per dimostrare vicinanza all&#8217;imprenditore e testimone di giustizia Tiberio Bentivoglio<\/strong>, per inaugurare il nuovo negozio dell&#8217;imprenditore sul lungomare di Reggio Calabria in un immobile assegnatogli dal Comune, attingendo ai beni confiscati alle mafie.<\/p>\n","protected":false},"excerpt":{"rendered":"<p>L&#8217;imprenditore Tiberio Bentivoglio ha inaugurato ieri, alla presenza di Lapo Elkann il suo nuovo negozio in un immobile assegnatogli dal Comune di Reggio Calabria, attingendo ai beni confiscati alle mafie.<\/p>\n","protected":false},"author":22,"featured_media":54291,"comment_status":"open","ping_status":"open","sticky":false,"template":"","format":"standard","meta":{"_acf_changed":false,"footnotes":"","jetpack_publicize_message":"","jetpack_publicize_feature_enabled":true,"jetpack_social_post_already_shared":false,"jetpack_social_options":{"image_generator_settings":{"template":"highway","default_image_id":0,"font":"","enabled":false},"version":2}},"categories":[17,571],"tags":[],"class_list":["post-54290","post","type-post","status-publish","format-standard","has-post-thumbnail","hentry","category-calabria","category-in-evidenza"],"acf":[],"jetpack_publicize_connections":[],"_links":{"self":[{"href":"https:\/\/quicosenza.it\/news\/wp-json\/wp\/v2\/posts\/54290","targetHints":{"allow":["GET"]}}],"collection":[{"href":"https:\/\/quicosenza.it\/news\/wp-json\/wp\/v2\/posts"}],"about":[{"href":"https:\/\/quicosenza.it\/news\/wp-json\/wp\/v2\/types\/post"}],"author":[{"embeddable":true,"href":"https:\/\/quicosenza.it\/news\/wp-json\/wp\/v2\/users\/22"}],"replies":[{"embeddable":true,"href":"https:\/\/quicosenza.it\/news\/wp-json\/wp\/v2\/comments?post=54290"}],"version-history":[{"count":0,"href":"https:\/\/quicosenza.it\/news\/wp-json\/wp\/v2\/posts\/54290\/revisions"}],"wp:featuredmedia":[{"embeddable":true,"href":"https:\/\/quicosenza.it\/news\/wp-json\/wp\/v2\/media\/54291"}],"wp:attachment":[{"href":"https:\/\/quicosenza.it\/news\/wp-json\/wp\/v2\/media?parent=54290"}],"wp:term":[{"taxonomy":"category","embeddable":true,"href":"https:\/\/quicosenza.it\/news\/wp-json\/wp\/v2\/categories?post=54290"},{"taxonomy":"post_tag","embeddable":true,"href":"https:\/\/quicosenza.it\/news\/wp-json\/wp\/v2\/tags?post=54290"}],"curies":[{"name":"wp","href":"https:\/\/api.w.org\/{rel}","templated":true}]}}