{"id":54706,"date":"2016-03-24T14:42:00","date_gmt":"2016-03-24T13:42:00","guid":{"rendered":"https:\/\/www.quicosenza.it\/news\/senza-categoria\/cosenza-appuntamenti-la-settimana-santa\/"},"modified":"2023-01-17T12:00:07","modified_gmt":"2023-01-17T11:00:07","slug":"82804-cosenza-appuntamenti-la-settimana-santa","status":"publish","type":"post","link":"https:\/\/quicosenza.it\/news\/82804-cosenza-appuntamenti-la-settimana-santa\/","title":{"rendered":"Cosenza, appuntamenti per la Settimana Santa"},"content":{"rendered":"<p><strong>Dopo la Santa Messa Crismale e la processione, svoltesi ieri, oggi alle 18,00 in Duomo l&#8217;Arcivescovo Francesco Nol\u00e8 celebrer\u00e0 la Santa Messa nella Cena del Signore, durante la quale avr\u00e0 luogo la lavanda dei piedi.<\/strong><!--more--><\/p>\n<p>&nbsp;<\/p>\n<p>COSENZA &#8211; Al termine della messa di oggi mons. Nol\u00e8 accompagner\u00e0 la Santa Eucaristia nell&#8217;altare della Reposizione. Domani, sempre alle 18,00 al Duomo, l&#8217;arcivescovo presieder\u00e0 la Liturgia della Parola e l&#8217;Adorazione della Croce, con il rito della Comunione. In serata, come ogni anno, \u00e8 prevista la <strong>Via Crucis<\/strong>; l&#8217;appuntamento \u00e8 alle 20,00 in piazza S. Teresa, si partir\u00e0 alle 20,30 con arrivo previsto alle 22,00 presso la chiesa di San Nicola. Proprio in merito alla Via Crucis \u00e8 stata divulgata un&#8217;<strong>ordinanza<\/strong> che disciplini la sosta e la circolazione:<\/p>\n<ul>\n<li>Dalle 16,00 alle 23,00<strong> divieto di sosta con rimozione<\/strong> su via Arabia, da piazza Scura a piazza S. Teresa; via Montesanto; corso Umberto, da via Monte Baldo a via Sertorio Quattromani.<\/li>\n<li><strong>Divieto di transito<\/strong> per tutti i veicoli al passaggio della processione lungo piazza S. Teresa, via Arabia, viale degli Alimena, piazza Scura, via Montesanto, corso Umberto, piazza dei Bruzi, piazza Eugenio Cenisio.<\/li>\n<\/ul>\n<p>Sabato alle 22,30, invece, ci sar\u00e0 la benedizione del fuoco nuovo da parte dell&#8217;Arcivescovo sul sagrato della Cattedrale. Dopo l&#8217;ingresso in processione presieder\u00e0 la Liturgia della Parola, la Liturgia Battesimale (durante la quale amministrer\u00e0 i Sacramenti dell&#8217;Iniziazione Cristiana a sei catecumeni) e la Liturgia Eucaristica. Per finire, mons. Nol\u00e8 celebrer\u00e0 la messa della domenica di Pasqua, alle 11,00, con il Capitolo Cattedrale.<\/p>\n","protected":false},"excerpt":{"rendered":"<p>Dopo la Santa Messa Crismale e la processione, svoltesi ieri, oggi alle 18,00 in Duomo l&#8217;Arcivescovo Francesco Nol\u00e8 celebrer\u00e0 la Santa Messa nella Cena del Signore, durante la quale avr\u00e0 luogo la lavanda dei piedi.<\/p>\n","protected":false},"author":22,"featured_media":54707,"comment_status":"open","ping_status":"open","sticky":false,"template":"","format":"standard","meta":{"_acf_changed":false,"footnotes":"","jetpack_publicize_message":"","jetpack_publicize_feature_enabled":true,"jetpack_social_post_already_shared":false,"jetpack_social_options":{"image_generator_settings":{"template":"highway","default_image_id":0,"font":"","enabled":false},"version":2}},"categories":[563,42],"tags":[],"class_list":["post-54706","post","type-post","status-publish","format-standard","has-post-thumbnail","hentry","category-area-urbana","category-cosenza"],"acf":[],"jetpack_publicize_connections":[],"_links":{"self":[{"href":"https:\/\/quicosenza.it\/news\/wp-json\/wp\/v2\/posts\/54706","targetHints":{"allow":["GET"]}}],"collection":[{"href":"https:\/\/quicosenza.it\/news\/wp-json\/wp\/v2\/posts"}],"about":[{"href":"https:\/\/quicosenza.it\/news\/wp-json\/wp\/v2\/types\/post"}],"author":[{"embeddable":true,"href":"https:\/\/quicosenza.it\/news\/wp-json\/wp\/v2\/users\/22"}],"replies":[{"embeddable":true,"href":"https:\/\/quicosenza.it\/news\/wp-json\/wp\/v2\/comments?post=54706"}],"version-history":[{"count":0,"href":"https:\/\/quicosenza.it\/news\/wp-json\/wp\/v2\/posts\/54706\/revisions"}],"wp:featuredmedia":[{"embeddable":true,"href":"https:\/\/quicosenza.it\/news\/wp-json\/wp\/v2\/media\/54707"}],"wp:attachment":[{"href":"https:\/\/quicosenza.it\/news\/wp-json\/wp\/v2\/media?parent=54706"}],"wp:term":[{"taxonomy":"category","embeddable":true,"href":"https:\/\/quicosenza.it\/news\/wp-json\/wp\/v2\/categories?post=54706"},{"taxonomy":"post_tag","embeddable":true,"href":"https:\/\/quicosenza.it\/news\/wp-json\/wp\/v2\/tags?post=54706"}],"curies":[{"name":"wp","href":"https:\/\/api.w.org\/{rel}","templated":true}]}}