{"id":54751,"date":"2016-03-25T11:12:48","date_gmt":"2016-03-25T10:12:48","guid":{"rendered":"https:\/\/www.quicosenza.it\/news\/senza-categoria\/amministrative-sgarbi-occhiuto-lancia-la-lista-simbolo-della-capra\/"},"modified":"2023-01-17T12:00:13","modified_gmt":"2023-01-17T11:00:13","slug":"82920-amministrative-sgarbi-occhiuto-lancia-la-lista-simbolo-della-capra","status":"publish","type":"post","link":"https:\/\/quicosenza.it\/news\/82920-amministrative-sgarbi-occhiuto-lancia-la-lista-simbolo-della-capra\/","title":{"rendered":"Amministrative, Sgarbi con Occhiuto lancia la lista con il simbolo della &#8216;capra&#8217;"},"content":{"rendered":"<p><strong>&#8220;Anche Vittorio Sgarbi sceglie Cosenza&#8221;; cos\u00ec l&#8217;ex sindaco scrive questa mattina su Facebook presentando l&#8217;alleanza con il critico d&#8217;arte pi\u00f9 famoso d&#8217;Italia.<\/strong><\/p>\n<p><!--more--><\/p>\n<p>COSENZA &#8211; Ed \u00e8 proprio la &#8216;<strong>capra<\/strong>&#8216;, tanto utilizzata nel linguaggio di Sgarbi a campeggiare sul <strong>simbolo<\/strong> della lista che sosterr\u00e0 la candidatura a Sindaco di Cosenza di <strong>Mario Occhiuto<\/strong>. L&#8217;architetto scrive stamattina sulla propria pagina Facebook che ieri, a seguito di un incontro proprio con Vittorio Sgarbi, sono stati definiti simbolo e modalit\u00e0 organizzative: &#8220;Sar\u00e0 una novit\u00e0 assoluta per il suo &#8220;Partito della Rivoluzione&#8221; che parte da Cosenza come esperimento nazionale, in occasione delle prossime elezioni amministrative, con una autonoma lista \u201c<strong>Sgarbi, laboratorio della bellezza&#8221;<\/strong>\u00a0guidata da lui stesso come capolista&#8221;.<\/p>\n<p>&#8220;D&#8217;altra parte <strong>Vittorio gi\u00e0 dagli anni &#8217;80<\/strong> ha promosso e stimolato con dichiarazioni, presenze a manifestazioni e riconoscimenti a varie attivit\u00e0, una presa di coscienza del valore europeo del nostro centro storico. In questi anni appena trascorsi &#8211; scrive Occhiuto &#8211; abbiamo gi\u00e0 avviato questo processo, portando avanti concrete attivit\u00e0 di recupero del centro storico dopo decenni di abbandono, e oggi gi\u00e0 esiste a Cosenza una percezione del valore culturale della citt\u00e0 grazie alle numerose iniziative e alle intuizioni che hanno avuto il merito di stimolare attenzione e interesse, non solo nazionale, verso questa realt\u00e0 urbana&#8221;.<\/p>\n<p><img loading=\"lazy\" decoding=\"async\" class=\"wp-image-82923 aligncenter\" src=\"http:\/\/www.quicosenza.it\/news\/wp-content\/uploads\/2016\/03\/simbolo-lista-sgarbi-capra.jpg\" alt=\"simbolo lista sgarbi capra\" width=\"415\" height=\"419\" title=\"\"><\/p>\n<p>&#8220;Sono sicuro che la vicinanza e il coinvolgimento diretto di Vittorio Sgarbi anche nella futura azione amministrativa porter\u00e0 enormi benefici alla citt\u00e0, soprattutto nella sua parte antica. L&#8217;auspicio \u00e8 adesso &#8211; continua l&#8217;ex primo cittadino &#8211; quello che, anche in questa sfida elettorale, possa emergere un senso diretto di protagonismo e partecipazione da parte di chi identifica<strong> nell\u2019arte, nella bellezza e nella conoscenza il futuro di Cosenza<\/strong>. Sono convinto infatti che tanti estimatori dell\u2019arte e della bellezza decideranno di dare una mano a questo processo candidandosi a mio sostegno nella lista di Sgarbi per fare di questa occasione non solo una battaglia elettorale ma, soprattutto, un momento \u201crivoluzionario\u201d per l\u2019affermazione del concetto di rinascita culturale della citt\u00e0&#8221;.<\/p>\n<p>Mario, infine ringrazia Vittorio &#8220;di cuore, perch\u00e9 insieme riusciremo ad imprimere la svolta definitiva finalizzata al recupero e alla rivitalizzazione del nostro <strong>bellissimo Centro Storico<\/strong>&#8220;.<\/p>\n","protected":false},"excerpt":{"rendered":"<p>&#8220;Anche Vittorio Sgarbi sceglie Cosenza&#8221;; cos\u00ec l&#8217;ex sindaco scrive questa mattina su Facebook presentando l&#8217;alleanza con il critico d&#8217;arte pi\u00f9 famoso d&#8217;Italia.<\/p>\n","protected":false},"author":22,"featured_media":54752,"comment_status":"open","ping_status":"open","sticky":false,"template":"","format":"standard","meta":{"_acf_changed":false,"footnotes":"","jetpack_publicize_message":"","jetpack_publicize_feature_enabled":true,"jetpack_social_post_already_shared":false,"jetpack_social_options":{"image_generator_settings":{"template":"highway","default_image_id":0,"font":"","enabled":false},"version":2}},"categories":[563,42,571],"tags":[],"class_list":["post-54751","post","type-post","status-publish","format-standard","has-post-thumbnail","hentry","category-area-urbana","category-cosenza","category-in-evidenza"],"acf":[],"jetpack_publicize_connections":[],"_links":{"self":[{"href":"https:\/\/quicosenza.it\/news\/wp-json\/wp\/v2\/posts\/54751","targetHints":{"allow":["GET"]}}],"collection":[{"href":"https:\/\/quicosenza.it\/news\/wp-json\/wp\/v2\/posts"}],"about":[{"href":"https:\/\/quicosenza.it\/news\/wp-json\/wp\/v2\/types\/post"}],"author":[{"embeddable":true,"href":"https:\/\/quicosenza.it\/news\/wp-json\/wp\/v2\/users\/22"}],"replies":[{"embeddable":true,"href":"https:\/\/quicosenza.it\/news\/wp-json\/wp\/v2\/comments?post=54751"}],"version-history":[{"count":0,"href":"https:\/\/quicosenza.it\/news\/wp-json\/wp\/v2\/posts\/54751\/revisions"}],"wp:featuredmedia":[{"embeddable":true,"href":"https:\/\/quicosenza.it\/news\/wp-json\/wp\/v2\/media\/54752"}],"wp:attachment":[{"href":"https:\/\/quicosenza.it\/news\/wp-json\/wp\/v2\/media?parent=54751"}],"wp:term":[{"taxonomy":"category","embeddable":true,"href":"https:\/\/quicosenza.it\/news\/wp-json\/wp\/v2\/categories?post=54751"},{"taxonomy":"post_tag","embeddable":true,"href":"https:\/\/quicosenza.it\/news\/wp-json\/wp\/v2\/tags?post=54751"}],"curies":[{"name":"wp","href":"https:\/\/api.w.org\/{rel}","templated":true}]}}