{"id":54837,"date":"2016-03-29T08:03:39","date_gmt":"2016-03-29T06:03:39","guid":{"rendered":"https:\/\/www.quicosenza.it\/news\/senza-categoria\/ispezione-al-penitenziario-di-paola-denunciate-criticita-nelle-cure-sanitarie\/"},"modified":"2023-01-17T12:00:24","modified_gmt":"2023-01-17T11:00:24","slug":"83289-ispezione-al-penitenziario-di-paola-denunciate-criticita-nelle-cure-sanitarie","status":"publish","type":"post","link":"https:\/\/quicosenza.it\/news\/83289-ispezione-al-penitenziario-di-paola-denunciate-criticita-nelle-cure-sanitarie\/","title":{"rendered":"Ispezione al penitenziario di Paola, denunciate criticit\u00e0 nelle cure sanitarie"},"content":{"rendered":"<p><strong>Tra i problemi riscontrati anche il mancato dissequestro della lavanderia all&#8217;interno del carcere.<\/strong><\/p>\n<p><!--more--><\/p>\n<p>&nbsp;<\/p>\n<p>PAOLA (CS) &#8211; Una Delegazione dei Radicali Italiani e della Camera Penale di Paola composta dai radicali Emilio Enzo Quintieri e Valentina Moretti e dagli avvocati Carmine Curatolo e Salvatore Carnevale nei giorni scorsi ha effettuato una visita ispettiva presso la casa circondariale di Paola. Durante la visita \u00e8 stato accertato che a fronte di una capienza regolamentare di 182 posti sono ospitati 171 detenuti, 42 dei quali stranieri aventi le seguenti posizioni giuridiche: 117 condannati, 11 imputati, 18 appellanti e 26 ricorrenti. Tutti uomini ristretti in Media Sicurezza. A 15 condannati il Magistrato di Sorveglianza di Cosenza Paola Lucente ha concesso un permesso premio previsto per trascorrere le festivit\u00e0 pasquali all\u2019esterno del carcere con i propri familiari. E\u2019 stato riscontrato che, ancora oggi, nonostante da circa un anno siano stati effettuati i lavori prescritti dall\u2019Autorit\u00e0 Giudiziaria, <strong>non \u00e8 stata dissequestrata la lavanderia a cui furono posti i sigilli circa sette anni fa per problemi riguardanti l&#8217;impianto di depurazione.<\/strong> Su tale circostanza, nei prossimi giorni, il senatore Molinari del movimento Calabria Terra Libera, rivolger\u00e0 una precisa interrogazione al Ministro della Giustizia Andrea Orlando per conoscere quali siano le ragioni che impongano il mantenimento del vincolo giudiziario sulla lavanderia dell\u2019istituto.<\/p>\n<p>&nbsp;<\/p>\n<p>Nell\u2019ambito della visita ispettiva Radicali e Penalisti hanno accertato che <strong>sono in corso i lavori di rifacimento dei cortili esterni adibiti al \u201cpasseggio\u201d dei detenuti che erano abbastanza malridotti, anche a causa della vicinanza con il mare<\/strong> e che il Reparto di Isolamento allo stato \u00e8 chiuso e non funzionante poich\u00e9 sono iniziati i lavori di ristrutturazione dello stesso al fin di adeguarlo ai dettami del \u201cnuovo\u201d Regolamento di Esecuzione Penitenziaria del 2000 che prevede la sistemazione della doccia direttamente all\u2019interno della camera di pernottamento e non in locali comuni. Fino alla riapertura del Reparto, l\u2019isolamento dei detenuti avverr\u00e0 nelle camere site all\u2019interno dell\u2019aletta esistente nella Prima Sezione a piano terra che sono state separate dal resto delle altre. Sempre a livello infrastrutturale una delle criticit\u00e0 constatate dalla delegazione riguarda le cattive condizioni delle scale di accesso ai piani detentivi riservate al personale di Polizia Penitenziaria ed agli stessi detenuti. Pertanto \u00e8 necessario che, in breve tempo, si provveda alla sostituzione di tutti i rivestimenti delle rampe e dei pianerottoli delle scale al fin di tutelare l\u2019incolumit\u00e0 dei soggetti che le utilizzano.<\/p>\n<p>&nbsp;<\/p>\n<p>Tanti detenuti hanno lamentato l\u2019inefficienza del Servizio Sanitario Penitenziario di competenza della Regione Calabria il quale non riesce a garantire prestazioni efficaci ed appropriate agli stessi. In particolare \u00e8 stato accertato il caso di un detenuto di Diamante che, al fin di vedersi riconosciuti i propri diritti, ha dovuto rivolgersi al Magistrato di Sorveglianza di Cosenza il quale avrebbe recentemente dato precise disposizioni in merito ai Sanitari che operano nell\u2019Istituto. Questa situazione verr\u00e0 comunque rappresentata nell\u2019Interrogazione che verr\u00e0 effettuata al Ministro della Giustizia Orlando. Nell\u2019atto ispettivo verr\u00e0 sollecitata anche l\u2019attenuazione del regime custodiale tramite l\u2019apertura delle celle affinch\u00e9 tutti i detenuti trascorrano un numero sufficiente di ore al giorno fuori dalla cella anche perch\u00e9 \u00e8 noto che una maggiore quantit\u00e0 di tempo trascorsa fuori dalle celle ha comprovati effetti positivi per la prevenzione della recidivit\u00e0 e per la risocializzazione. <strong>I Radicali Italiani e la Camera Penale di Paola, all\u2019esito della visita, hanno rinnovato un giudizio positivo sullo stabilimento penitenziario gestito dal Direttore Caterina Arrotta.<\/strong><\/p>\n","protected":false},"excerpt":{"rendered":"<p>Tra i problemi riscontrati anche il mancato dissequestro della lavanderia all&#8217;interno del carcere.<\/p>\n","protected":false},"author":22,"featured_media":54838,"comment_status":"open","ping_status":"open","sticky":false,"template":"","format":"standard","meta":{"_acf_changed":false,"footnotes":"","jetpack_publicize_message":"","jetpack_publicize_feature_enabled":true,"jetpack_social_post_already_shared":false,"jetpack_social_options":{"image_generator_settings":{"template":"highway","default_image_id":0,"font":"","enabled":false},"version":2}},"categories":[571,28],"tags":[],"class_list":["post-54837","post","type-post","status-publish","format-standard","has-post-thumbnail","hentry","category-in-evidenza","category-provincia"],"acf":[],"jetpack_publicize_connections":[],"_links":{"self":[{"href":"https:\/\/quicosenza.it\/news\/wp-json\/wp\/v2\/posts\/54837","targetHints":{"allow":["GET"]}}],"collection":[{"href":"https:\/\/quicosenza.it\/news\/wp-json\/wp\/v2\/posts"}],"about":[{"href":"https:\/\/quicosenza.it\/news\/wp-json\/wp\/v2\/types\/post"}],"author":[{"embeddable":true,"href":"https:\/\/quicosenza.it\/news\/wp-json\/wp\/v2\/users\/22"}],"replies":[{"embeddable":true,"href":"https:\/\/quicosenza.it\/news\/wp-json\/wp\/v2\/comments?post=54837"}],"version-history":[{"count":0,"href":"https:\/\/quicosenza.it\/news\/wp-json\/wp\/v2\/posts\/54837\/revisions"}],"wp:featuredmedia":[{"embeddable":true,"href":"https:\/\/quicosenza.it\/news\/wp-json\/wp\/v2\/media\/54838"}],"wp:attachment":[{"href":"https:\/\/quicosenza.it\/news\/wp-json\/wp\/v2\/media?parent=54837"}],"wp:term":[{"taxonomy":"category","embeddable":true,"href":"https:\/\/quicosenza.it\/news\/wp-json\/wp\/v2\/categories?post=54837"},{"taxonomy":"post_tag","embeddable":true,"href":"https:\/\/quicosenza.it\/news\/wp-json\/wp\/v2\/tags?post=54837"}],"curies":[{"name":"wp","href":"https:\/\/api.w.org\/{rel}","templated":true}]}}