{"id":54894,"date":"2016-03-30T11:14:23","date_gmt":"2016-03-30T09:14:23","guid":{"rendered":"https:\/\/www.quicosenza.it\/news\/senza-categoria\/noi-con-salvini-candida-rusciani-a-cassano-obiettivo-la-discontinuita-rispetto-alla-malapolitica\/"},"modified":"2023-01-17T12:00:32","modified_gmt":"2023-01-17T11:00:32","slug":"83519-noi-con-salvini-candida-rusciani-a-cassano-obiettivo-la-discontinuita-rispetto-alla-malapolitica","status":"publish","type":"post","link":"https:\/\/quicosenza.it\/news\/83519-noi-con-salvini-candida-rusciani-a-cassano-obiettivo-la-discontinuita-rispetto-alla-malapolitica\/","title":{"rendered":"&#8216;Noi con Salvini&#8217; candida Rusciani a Cassano: &#8220;obiettivo, la discontinuit\u00e0 rispetto alla malapolitica&#8217;"},"content":{"rendered":"<p><strong>Una lista un candidato; Alessandro Rusciani spiega da dove nasce la sua scelta di candidarsi con il movimento\u00a0&#8220;Noi con Salvini&#8221;.<\/strong><\/p>\n<p><!--more--><\/p>\n<p>CASSANO JONIO (CS) \u2013 E&#8217; una scelta che in Calabria, regione del Sud spesso infangata dalla battaglia politica della vecchia Lega Nord, potrebbe destare stupore e che invece <strong>Alessandro Rusciani<\/strong> spiega con franchezza; la motivazione \u00e8 la protesta, contro una classe dirigente che in Calabria ha saputo solo depotenziare e per questo l&#8217;obiettivo diventa la &#8216;discontinuit\u00e0&#8217;. Abbiamo intervistato Rusciani in merito alla sua candidatura.<\/p>\n<h2>Rusciani perch\u00e8 ha scelto di correre con Salvini?<\/h2>\n<p>&#8220;Il Movimento &#8216;Noi con Salvini nasce&#8217; da un forte <strong>distacco<\/strong> dal <strong>vecchio egoismo padano<\/strong> di Bossi, in rapporto al concetto di nazionalit\u00e0 e cittadinanza. I toni duri usati in passato nei confronti del &#8216;popolo del sud&#8217; e dell\u2019italia meridionale non erano altro che una &#8216;provocazione&#8217; per richiamare le coscienze della popolazione e dei cittadini abbandonati a loro stessi dalla classe dirigente che ha prodotto un territorio fertile di clientelismo, assistenzialismo, falso solidarismo e mala politica. Noi siamo nati sull\u2019onda di questa protesta contro una classe dirigente che non ha fatto altro in questi anni che denigrare il nostro territorio da tutte le sue bellezze, deturpandolo e privandolo anche dei suoi servizi&#8221;.<\/p>\n<p><img loading=\"lazy\" decoding=\"async\" class=\" wp-image-83528 aligncenter\" src=\"http:\/\/www.quicosenza.it\/news\/wp-content\/uploads\/2016\/03\/rusciani-ok.jpg\" alt=\"rusciani ok\" width=\"252\" height=\"297\" title=\"\"><\/p>\n<p>Rusciani fa riferimento anche al settore della Sanit\u00e0, ormai al collasso, all&#8217;ospedale della Sibaritide rimasto negli &#8216;annunci&#8217; e a quello delle infrastrutture, riferendosi alla situazione della Statale 106 jonica ed in particolare al 3\u00b0 Megalotto Sibari Roseto: &#8220;La classe politica attuale \u00e8 impegnata solo nei giochi politici. Noi siamo nati contro questo sistema per offrire un\u2019alternativa ai cittadini. Il Movimento di Salvini intende riscattare il sud perch\u00e9 solo da nord a sud, lavorando insieme e crescendo insieme, pu\u00f2 riscattarsi l&#8217;intero sistema Italia&#8221;.<\/p>\n<h2>E come \u00e8 stata accolta la sua candidatura a Cassano?<\/h2>\n<p>&#8220;Abbiamo deciso di correre da soli e questa scelta non ha fatto altro che sollevare una grande vicinanza da parte dei cittadini; in questi giorni sto avendo tante altre dimostrazioni di persone, cittadini che vogliono mettersi in gioco con &#8220;Noi con Salvini&#8221; per far rinascere Cassano Jonio&#8221;.<\/p>\n<p><img loading=\"lazy\" decoding=\"async\" class=\"wp-image-83527 aligncenter\" src=\"http:\/\/www.quicosenza.it\/news\/wp-content\/uploads\/2016\/03\/noi-con-salvini-cassano.jpg\" alt=\"noi con salvini cassano\" width=\"559\" height=\"239\" title=\"\"><\/p>\n<h2>Il suo rapporto con Matteo Salvini?<\/h2>\n<p>&#8220;Con Salvini c\u2019\u00e8 sinergia e siamo in comunicazione e lui sin dall\u2019inizio ha sposato questa mia causa perch\u00e9 \u00e8 convinto che da questi territori pu\u00f2 nascere un riscatto non solo per il comune di Cassano ma pr tutta la Calabria e il Sud. Salvini sa di questa grande partecipazione siamo in contatto, si informa, chiede, ed \u00e8 sempre presente insieme ai responsabili regionali e nazionali&#8221;.<\/p>\n<h2>Ma Salvini verr\u00e0 a Cassano Jonio?<\/h2>\n<p>&#8220;Certo, verr\u00e0 ad aprire la mia campagna elettorale; dobbiamo solo concordare rispetto anche ai suoi impegni politici e da europarlamentare. Ci stiamo organizzando in questi giorni non solo per Cassano ma anche negli altri comuni in cui si presenter\u00e0 un candidato ed una lista &#8220;Noi con Salvini&#8221;. Entro il mese di aprile certamente Matteo Salvini sar\u00e0 presente qui per la campagna elettorale&#8221;.<\/p>\n","protected":false},"excerpt":{"rendered":"<p>Una lista un candidato; Alessandro Rusciani spiega da dove nasce la sua scelta di candidarsi con il movimento\u00a0&#8220;Noi con Salvini&#8221;.<\/p>\n","protected":false},"author":22,"featured_media":54895,"comment_status":"open","ping_status":"open","sticky":false,"template":"","format":"standard","meta":{"_acf_changed":false,"footnotes":"","jetpack_publicize_message":"","jetpack_publicize_feature_enabled":true,"jetpack_social_post_already_shared":false,"jetpack_social_options":{"image_generator_settings":{"template":"highway","default_image_id":0,"font":"","enabled":false},"version":2}},"categories":[571,28],"tags":[],"class_list":["post-54894","post","type-post","status-publish","format-standard","has-post-thumbnail","hentry","category-in-evidenza","category-provincia"],"acf":[],"jetpack_publicize_connections":[],"_links":{"self":[{"href":"https:\/\/quicosenza.it\/news\/wp-json\/wp\/v2\/posts\/54894","targetHints":{"allow":["GET"]}}],"collection":[{"href":"https:\/\/quicosenza.it\/news\/wp-json\/wp\/v2\/posts"}],"about":[{"href":"https:\/\/quicosenza.it\/news\/wp-json\/wp\/v2\/types\/post"}],"author":[{"embeddable":true,"href":"https:\/\/quicosenza.it\/news\/wp-json\/wp\/v2\/users\/22"}],"replies":[{"embeddable":true,"href":"https:\/\/quicosenza.it\/news\/wp-json\/wp\/v2\/comments?post=54894"}],"version-history":[{"count":0,"href":"https:\/\/quicosenza.it\/news\/wp-json\/wp\/v2\/posts\/54894\/revisions"}],"wp:featuredmedia":[{"embeddable":true,"href":"https:\/\/quicosenza.it\/news\/wp-json\/wp\/v2\/media\/54895"}],"wp:attachment":[{"href":"https:\/\/quicosenza.it\/news\/wp-json\/wp\/v2\/media?parent=54894"}],"wp:term":[{"taxonomy":"category","embeddable":true,"href":"https:\/\/quicosenza.it\/news\/wp-json\/wp\/v2\/categories?post=54894"},{"taxonomy":"post_tag","embeddable":true,"href":"https:\/\/quicosenza.it\/news\/wp-json\/wp\/v2\/tags?post=54894"}],"curies":[{"name":"wp","href":"https:\/\/api.w.org\/{rel}","templated":true}]}}