{"id":54922,"date":"2016-03-31T09:48:03","date_gmt":"2016-03-31T07:48:03","guid":{"rendered":"https:\/\/www.quicosenza.it\/news\/senza-categoria\/rissa-durante-assise-comunale-consigliera-finisce-in-pronto-soccorso\/"},"modified":"2023-01-17T12:00:35","modified_gmt":"2023-01-17T11:00:35","slug":"83613-rissa-durante-assise-comunale-consigliera-finisce-in-pronto-soccorso","status":"publish","type":"post","link":"https:\/\/quicosenza.it\/news\/83613-rissa-durante-assise-comunale-consigliera-finisce-in-pronto-soccorso\/","title":{"rendered":"Lite in strada tra politici, consigliera finisce in Pronto Soccorso"},"content":{"rendered":"<p><strong>La donna sarebbe stata aggredita verbalmente e fisicamente da un &#8216;collega&#8217; del Tirreno cosentino.\u00a0<\/strong><\/p>\n<p><!--more--><\/p>\n<p>&nbsp;<\/p>\n<p>CASTROVILLARI &#8211; Qualche parola di troppo detta, forse, con poca diplomazia ha scatenato una violenta lite.\u00a0Una discussione accesa fra consiglieri comunali, avvenuta nei giorni scorsi a San Nicola Arcella tra due consiglieri comunali di municipi diversi. Ad avere la peggio sarebbe stata la donna colta da malore dopo l&#8217;episodio e costretta \u00a0a rivolgersi alle cure del locale nosocomio. Un gesto che ha provocato la reazione di sdegno del sindaco di Castrovillari\u00a0Domenico Lo Polito. \u201cQuando il confronto politico esula dalla tolleranza e dall\u2019ascolto, anche su questioni per le quali non si \u00e8 d\u2019accordo, genera solo scompensi e spiacevoli situazioni che devono essere stigmatizzati\u201d. Lo afferma in una nota stampa, a nome e per conto dell\u2019Amministrazione e della maggioranza, il primo cittadino\u00a0Domenico Lo Polito, appena venuto a conoscenza di <strong>quanto capitato a\u00a0Serena Carrozzino, a San Nicola Arcella, citt\u00e0 natale della consigliera del Comune di Castrovillari, durante uno \u201cscambio d\u2019idee\u201d, con un rappresentante del Consiglio del piccolo Comune del Tirreno cosentino<\/strong>.\u00a0\u201cEsprimiamo stupore e grave preoccupazione &#8211; fa presente Lo Polito &#8211; per l\u2019atteggiamento denigratorio, e non solo, riservato ad un esponente del Consiglio municipale di Castrovillari, e pare all\u2019intera comunit\u00e0 castrovillarese che, recatosi nella propria citt\u00e0 natale per le festivit\u00e0 pasquali, ha sub\u00ecto azioni contro la propria persona e personalit\u00e0 tanto da richiedere l\u2019intervento del pronto soccorso e conseguente esposto all\u2019autorit\u00e0 giudiziaria<strong>. Tutto ci\u00f2 solo e soltanto &#8211; aggiunge e spiega il sindaco Lo Polito &#8211; per contrapposti motivi politici.<\/strong> Naturalmente tali comportamenti, lesivi pure della dignit\u00e0 e rispetto altrui, non possono essere mai accettati. La nostra Terra ha pi\u00f9 bisogno di unit\u00e0, buon senso, confronti civili che di inutili \u201cscontri\u201d. E per tale motivo &#8211; precisa, concludendo, Lo Polito &#8211; ho scritto una nota riservata, a tutela, al collega del Tirreno per rappresentargli il mio forte disappunto sull\u2019accaduto e affermare con determinazione pure quei concetti di democrazia che in primis, chi appartiene e rappresenta le istituzioni, non pu\u00f2 ignorarli per rendere ragione alla propria comunit\u00e0 ed a quel desiderio di sviluppo che non possono prescindere da questa tensione per il rispetto altrui\u201d.<\/p>\n","protected":false},"excerpt":{"rendered":"<p>La donna sarebbe stata aggredita verbalmente e fisicamente da un &#8216;collega&#8217; del Tirreno cosentino.\u00a0<\/p>\n","protected":false},"author":22,"featured_media":54923,"comment_status":"open","ping_status":"open","sticky":false,"template":"","format":"standard","meta":{"_acf_changed":false,"footnotes":"","jetpack_publicize_message":"","jetpack_publicize_feature_enabled":true,"jetpack_social_post_already_shared":false,"jetpack_social_options":{"image_generator_settings":{"template":"highway","default_image_id":0,"font":"","enabled":false},"version":2}},"categories":[571,28],"tags":[],"class_list":["post-54922","post","type-post","status-publish","format-standard","has-post-thumbnail","hentry","category-in-evidenza","category-provincia"],"acf":[],"jetpack_publicize_connections":[],"_links":{"self":[{"href":"https:\/\/quicosenza.it\/news\/wp-json\/wp\/v2\/posts\/54922","targetHints":{"allow":["GET"]}}],"collection":[{"href":"https:\/\/quicosenza.it\/news\/wp-json\/wp\/v2\/posts"}],"about":[{"href":"https:\/\/quicosenza.it\/news\/wp-json\/wp\/v2\/types\/post"}],"author":[{"embeddable":true,"href":"https:\/\/quicosenza.it\/news\/wp-json\/wp\/v2\/users\/22"}],"replies":[{"embeddable":true,"href":"https:\/\/quicosenza.it\/news\/wp-json\/wp\/v2\/comments?post=54922"}],"version-history":[{"count":0,"href":"https:\/\/quicosenza.it\/news\/wp-json\/wp\/v2\/posts\/54922\/revisions"}],"wp:featuredmedia":[{"embeddable":true,"href":"https:\/\/quicosenza.it\/news\/wp-json\/wp\/v2\/media\/54923"}],"wp:attachment":[{"href":"https:\/\/quicosenza.it\/news\/wp-json\/wp\/v2\/media?parent=54922"}],"wp:term":[{"taxonomy":"category","embeddable":true,"href":"https:\/\/quicosenza.it\/news\/wp-json\/wp\/v2\/categories?post=54922"},{"taxonomy":"post_tag","embeddable":true,"href":"https:\/\/quicosenza.it\/news\/wp-json\/wp\/v2\/tags?post=54922"}],"curies":[{"name":"wp","href":"https:\/\/api.w.org\/{rel}","templated":true}]}}