{"id":54924,"date":"2016-03-31T09:15:55","date_gmt":"2016-03-31T07:15:55","guid":{"rendered":"https:\/\/www.quicosenza.it\/news\/senza-categoria\/lavoro-non-si-cerca-si-crea-partecipato-workshop-promosso-dai-giovani-soci-della-bcc-mediocrati\/"},"modified":"2023-01-17T12:00:35","modified_gmt":"2023-01-17T11:00:35","slug":"83618-lavoro-non-si-cerca-si-crea-partecipato-workshop-promosso-dai-giovani-soci-della-bcc-mediocrati","status":"publish","type":"post","link":"https:\/\/quicosenza.it\/news\/83618-lavoro-non-si-cerca-si-crea-partecipato-workshop-promosso-dai-giovani-soci-della-bcc-mediocrati\/","title":{"rendered":"Il lavoro non si cerca&#8230; si crea! Partecipato workshop promosso dai giovani Soci della Bcc Mediocrati"},"content":{"rendered":"<p><strong>Adriano Olivetti disse: \u201cUn sogno sembra un sogno fino a quando non si comincia da qualche parte; solo allora diventa proposito cio\u00e8 qualcosa di infinitamente grande\u201d.<\/strong><!--more--><\/p>\n<p>&nbsp;<\/p>\n<p>RENDE (CS) &#8211; Un tema certamente non facile da affrontare in una realt\u00e0 come quella calabrese, cosentina, in cui la mancanza di lavoro si avverte terribilmente, ma \u00e8 anche vero che la formazione crea competenza e la competenza opportunit\u00e0. La\u00a0possibilit\u00e0 di realizzarsi, di crescere e di costruire il proprio futuro non \u00e8 poi cos\u00ec illusoria. Che il lavoro oggi, per molti, sia una chimera lo dicono i dati sull\u2019occupazione in Italia e in Calabria, ma che esistano per\u00f2 migliaia di offerte di lavoro in cui si ricercano figure specializzate \u00e8 altrettanto vero. Per questo motivo ieri pomeriggio il Club Giovani Soci della Bcc Mediocrati ha promosso nella sala De Cardona della sede centrale dell\u2019Istituto Bancario in via Alfieri a Rende, un workshop molto importante sul tema della formazione e del lavoro tenuto da Antonio Andreoli, fondatore del portale <a href=\"https:\/\/quicosenza.it\/news\/645\" target=\"_blank\" rel=\"noopener\">lavoroeformazione.it<\/a>.<\/p>\n<p>In tanti hanno preso parte all\u2019iniziativa aperta dai saluti di <strong>Emilio Bisignan<\/strong>o, presidente del <strong>Club Giovani Soci della Bcc Mediocrati<\/strong> il quale ha presentato le diverse e articolate attivit\u00e0 del Club composto da giovani <strong>under 32<\/strong>. Numerosi infatti i corsi di formazione promossi: dalle lingue (inglese e spagnolo) alle dinamiche che ruotano attorno al mercato del lavoro ovvero, come presentarsi ad un colloquio di lavoro o come scrivere correttamente un curriculum vitae.<\/p>\n<p><img loading=\"lazy\" decoding=\"async\" class=\"alignnone size-full wp-image-83619\" src=\"http:\/\/www.quicosenza.it\/news\/wp-content\/uploads\/2016\/03\/bcc-mediocrati.jpg\" alt=\"bcc mediocrati\" width=\"700\" height=\"477\" title=\"\"><\/p>\n<p>A portare i saluti ai tanti ragazzi presenti anche<strong> Federico Bria<\/strong>, <strong>segretario generale dell\u2019istituto bancario.<\/strong> Che ha parlato dell\u2019importanza dell\u2019associarsi, del sostenersi per affrontare le difficolt\u00e0 e creare un futuro sottolineando anche il grande lavoro di Bcc Mediocrati nella concessione di microcrediti alle start up, ai giovani e alle imprese, attraverso diversi progetti (Il seminatore, Voglio Restare, Fare impresa). Il dott. Bria ha sottolineato l\u2019importanza di <strong>\u2018mettersi insieme\u2019<\/strong> per dividersi non solo gli oneri, ma soprattutto per unire le competenze e diventare pi\u00f9 forti. Quello della realizzazione lavorativa probabilmente oggi \u00e8 un percorso lungo e ricco di insidie ma come dire, il risultato quando arriva \u00e8 certamente di maggiore valore. Formarsi, pensarsi e costruirsi sono probabilmente i veri ingredienti per migliorare in termini di capacit\u00e0.<\/p>\n<p>Il <strong>workshop di Antonio Andreoli<\/strong> si \u00e8 aperto con un esilarante video di uno sketch di Antonio Albanese che nei panni del famoso personaggio \u2018Cetto Laqualunque\u2019 presenta a Fabio Fazio, la collezione \u2018moda\u2019 disoccupati (il video \u00e8 del 2010) e dunque una passerella di tantissime situazioni che noi oggi conosciamo bene: dal cassintegrato alla coppia di giovani licenziati che non si sposeranno mai\u2026 \u201cne abbiamo due milioni e mezzo di modelli\u201d che alla fine del video vengono invitati nuovamente a \u201ctornare nell\u2019anonimato\u201d.<\/p>\n<p>&nbsp;<\/p>\n<p>[youtube url=&#8221;https:\/\/www.youtube.com\/watch?v=43eq5qd2Yck&#8221; width=&#8221;500&#8243; height=&#8221;300&#8243;]<\/p>\n<p>&nbsp;<\/p>\n<p>Andreoli ha poi iniziato a raccontare, brevemente, la storia della sua carriera lavorativa, fatta di rischi, di certezze iniziali, di investimenti, di tracolli fino alla realizzazione di un progetto di successo.<br \/>\nPoi si \u00e8 passati al workshop vero e proprio nel corso del quale Andreoli ha spiegato le varie possibilit\u00e0 offerte dal mercato del lavoro: <strong>dal franchising alle forme di economia collaborativa, dalle start up all\u2019innovazione<\/strong>. Un incontro per trasmettere\u00a0la consapevolezza di quello che \u00e8 il mercato del lavoro, di quelle che possono essere le possibilit\u00e0 che non sono poche, ma devono essere sottoposte a\u00a0criteri di valutazione e ad una\u00a0corretta analisi di &#8216;rischi vs benefici&#8217;. Il tutto deve per\u00f2 partire da un\u2019idea, da un progetto, da un obiettivo e probabilmente anche da una sana ambizione.<\/p>\n","protected":false},"excerpt":{"rendered":"<p>Adriano Olivetti disse: \u201cUn sogno sembra un sogno fino a quando non si comincia da qualche parte; solo allora diventa proposito cio\u00e8 qualcosa di infinitamente grande\u201d.<\/p>\n","protected":false},"author":19,"featured_media":54925,"comment_status":"open","ping_status":"open","sticky":false,"template":"","format":"standard","meta":{"_acf_changed":false,"footnotes":"","jetpack_publicize_message":"","jetpack_publicize_feature_enabled":true,"jetpack_social_post_already_shared":false,"jetpack_social_options":{"image_generator_settings":{"template":"highway","default_image_id":0,"font":"","enabled":false},"version":2}},"categories":[563,571,44],"tags":[],"class_list":["post-54924","post","type-post","status-publish","format-standard","has-post-thumbnail","hentry","category-area-urbana","category-in-evidenza","category-rende"],"acf":[],"jetpack_publicize_connections":[],"_links":{"self":[{"href":"https:\/\/quicosenza.it\/news\/wp-json\/wp\/v2\/posts\/54924","targetHints":{"allow":["GET"]}}],"collection":[{"href":"https:\/\/quicosenza.it\/news\/wp-json\/wp\/v2\/posts"}],"about":[{"href":"https:\/\/quicosenza.it\/news\/wp-json\/wp\/v2\/types\/post"}],"author":[{"embeddable":true,"href":"https:\/\/quicosenza.it\/news\/wp-json\/wp\/v2\/users\/19"}],"replies":[{"embeddable":true,"href":"https:\/\/quicosenza.it\/news\/wp-json\/wp\/v2\/comments?post=54924"}],"version-history":[{"count":0,"href":"https:\/\/quicosenza.it\/news\/wp-json\/wp\/v2\/posts\/54924\/revisions"}],"wp:featuredmedia":[{"embeddable":true,"href":"https:\/\/quicosenza.it\/news\/wp-json\/wp\/v2\/media\/54925"}],"wp:attachment":[{"href":"https:\/\/quicosenza.it\/news\/wp-json\/wp\/v2\/media?parent=54924"}],"wp:term":[{"taxonomy":"category","embeddable":true,"href":"https:\/\/quicosenza.it\/news\/wp-json\/wp\/v2\/categories?post=54924"},{"taxonomy":"post_tag","embeddable":true,"href":"https:\/\/quicosenza.it\/news\/wp-json\/wp\/v2\/tags?post=54924"}],"curies":[{"name":"wp","href":"https:\/\/api.w.org\/{rel}","templated":true}]}}