{"id":54939,"date":"2016-03-31T13:00:58","date_gmt":"2016-03-31T11:00:58","guid":{"rendered":"https:\/\/www.quicosenza.it\/news\/senza-categoria\/referendum-trivelle-lo-strano-silenzio-oliverio-la-battaglia-si\/"},"modified":"2023-01-17T12:00:37","modified_gmt":"2023-01-17T11:00:37","slug":"83655-referendum-trivelle-lo-strano-silenzio-oliverio-la-battaglia-si","status":"publish","type":"post","link":"https:\/\/quicosenza.it\/news\/83655-referendum-trivelle-lo-strano-silenzio-oliverio-la-battaglia-si\/","title":{"rendered":"Referendum, dalla battaglia per il s\u00ec al silenzio. Il curioso caso di Mario Oliverio"},"content":{"rendered":"<p><strong>Il governatore calabrese continua a non esprimersi sul referendum del 17 aprile. Santelli: \u201cTema sparito improvvisamente dalla sua agenda\u201d.<\/strong><!--more--><br \/>\n&nbsp;<\/p>\n<p>COSENZA &#8211; Da tempo, da pi\u00f9 parti politiche, si chiede un intervento deciso del presidente della Regione Calabria, <strong>Mario Oliverio<\/strong> in merito al <strong>referendum sulle trivellazioni in mare che si terr\u00e0 il prossimo 17 aprile<\/strong>. Ma lui preferisce tacere, alimentando, se mai ce ne fosse stato bisogno, la confusione interna al <strong>Pd<\/strong> anche su un argomento che pi\u00f9 semplice proprio non si pu\u00f2. Una confusione acuita dalle dichiarazioni di qualche giorno del candidato sindaco di Cosenza (voluto fortemente dal Partito democratico)<strong> Lucio Presta<\/strong> che ha dichiarato che non andr\u00e0 a votare perch\u00e9 ritiene ci siano delle potenziali ragioni valide sia per il s\u00ec che per il no. Il manager ha anche aggiunto che a suo avviso il referendum non andasse fatto. Una tesi che si scontra (o si scontrerebbe) con la linea seguita dal governatore calabrese fino a pochi mesi fa, quando sosteneva con grande forza e impegno le ragioni del s\u00ec. Da allora, chiss\u00e0 per quale oscuro motivo, il silenzio ha preso il sopravvento, a tal punto da avallare le voci su un possibile e clamoroso passo indietro di Oliverio rispetto alle convinzioni espresse in passato.<br \/>\n&nbsp;<\/p>\n<h2><strong>Santelli: \u201cIl silenzio di Oliverio un incoraggiamento all\u2019astensione\u201d<\/strong><\/h2>\n<p>Ad evidenziare lo strano comportamento di Oliverio \u00e8 il coordinatore regionale di Forza Italia, <strong>Jole Santelli<\/strong>. \u201cLa Calabria &#8211; dichiara &#8211; \u00e8 stata, per volont\u00e0 di Oliverio, una delle cinque regioni Italiane a volere il referendum no triv, che <strong>coster\u00e0 circa 500 milioni<\/strong> di euro alla collettivit\u00e0. Eppure, incredibilmente, il tema \u00e8 sparito dall&#8217;agenda del Governatore. Non ne parla, al netto di una dichiarazione scontata per il s\u00ec, probabilmente per il diktat ricevuto da Renzi. Eppure &#8211; continua Santelli &#8211; nei mesi scorsi, Oliverio si era vestito da Masaniello, correndo a Bari da Emiliano per recitare il ruolo di difensore delle coste meridionali, con annunci roboanti che preludevano a un impegno massiccio nella campagna referendaria. Nulla di questo \u00e8 accaduto. Ne parla, invece, Lucio Presta, candidato sindaco del Pd a Cosenza, che in un&#8217;intervista ha dichiarato che il 17 aprile non andr\u00e0 a votare, sconfessando clamorosamente la linea del presidente della Regione e del Partito Democratico calabrese. Una confusione senza limiti che dimostra come Oliverio e il Pd locale inseguano senza sosta il renzismo, arrivando addirittura a un silenzio che sa di incoraggiamento all&#8217;astensione su un quesito elettorale voluto da loro stessi\u201d.<\/p>\n","protected":false},"excerpt":{"rendered":"<p>Il governatore calabrese continua a non esprimersi sul referendum del 17 aprile. Santelli: \u201cTema sparito improvvisamente dalla sua agenda\u201d.<\/p>\n","protected":false},"author":22,"featured_media":54940,"comment_status":"open","ping_status":"open","sticky":false,"template":"","format":"standard","meta":{"_acf_changed":false,"footnotes":"","jetpack_publicize_message":"","jetpack_publicize_feature_enabled":true,"jetpack_social_post_already_shared":false,"jetpack_social_options":{"image_generator_settings":{"template":"highway","default_image_id":0,"font":"","enabled":false},"version":2}},"categories":[17,571],"tags":[],"class_list":["post-54939","post","type-post","status-publish","format-standard","has-post-thumbnail","hentry","category-calabria","category-in-evidenza"],"acf":[],"jetpack_publicize_connections":[],"_links":{"self":[{"href":"https:\/\/quicosenza.it\/news\/wp-json\/wp\/v2\/posts\/54939","targetHints":{"allow":["GET"]}}],"collection":[{"href":"https:\/\/quicosenza.it\/news\/wp-json\/wp\/v2\/posts"}],"about":[{"href":"https:\/\/quicosenza.it\/news\/wp-json\/wp\/v2\/types\/post"}],"author":[{"embeddable":true,"href":"https:\/\/quicosenza.it\/news\/wp-json\/wp\/v2\/users\/22"}],"replies":[{"embeddable":true,"href":"https:\/\/quicosenza.it\/news\/wp-json\/wp\/v2\/comments?post=54939"}],"version-history":[{"count":0,"href":"https:\/\/quicosenza.it\/news\/wp-json\/wp\/v2\/posts\/54939\/revisions"}],"wp:featuredmedia":[{"embeddable":true,"href":"https:\/\/quicosenza.it\/news\/wp-json\/wp\/v2\/media\/54940"}],"wp:attachment":[{"href":"https:\/\/quicosenza.it\/news\/wp-json\/wp\/v2\/media?parent=54939"}],"wp:term":[{"taxonomy":"category","embeddable":true,"href":"https:\/\/quicosenza.it\/news\/wp-json\/wp\/v2\/categories?post=54939"},{"taxonomy":"post_tag","embeddable":true,"href":"https:\/\/quicosenza.it\/news\/wp-json\/wp\/v2\/tags?post=54939"}],"curies":[{"name":"wp","href":"https:\/\/api.w.org\/{rel}","templated":true}]}}