{"id":54964,"date":"2016-04-01T08:27:53","date_gmt":"2016-04-01T06:27:53","guid":{"rendered":"https:\/\/www.quicosenza.it\/news\/senza-categoria\/castiglione-chiude-il-teatro-a-sorpresa-e-non-ci-sono-i-soldi-per-pagare-i-musicisti\/"},"modified":"2023-01-17T12:00:40","modified_gmt":"2023-01-17T11:00:40","slug":"83830-castiglione-chiude-il-teatro-a-sorpresa-e-non-ci-sono-i-soldi-per-pagare-i-musicisti","status":"publish","type":"post","link":"https:\/\/quicosenza.it\/news\/83830-castiglione-chiude-il-teatro-a-sorpresa-e-non-ci-sono-i-soldi-per-pagare-i-musicisti\/","title":{"rendered":"Castiglione, chiude il teatro a &#8216;sorpresa&#8217; e non ci sono i soldi per pagare i musicisti (AUDIO)"},"content":{"rendered":"<p><strong>Il Direttore Artistico e il Responsabile della Comunicazione si sono dimessi, ma resta il problema del pagamento dei musicisti.<\/strong><\/p>\n<p><!--more--><\/p>\n<p>CASTIGLIONE COSENTINO (CS) &#8211; Il teatro &#8220;Il Piccolo&#8221; chiude e vanno tutti a casa. La nota arriva da <strong>Simona Stammelluti<\/strong> e di <strong>Mafalda Meduri<\/strong>, rispettivamente direttore artistico e responsabile alla comunicazione per il<strong> Teatro Il Piccolo<\/strong> di Castiglione Cosentino, dopo che il direttore del teatro Paolo Fata ha deciso di non proseguire nella rassegna in corso nel teatro di Castiglione.<\/p>\n<p>&#8220;Avremmo potuto fare meglio, perch\u00e9 il miglioramento \u00e8 nella natura dell&#8217;uomo, ma sicuramente non avremmo potuto fare di pi\u00f9 di quel che abbiamo fatto. Potevamo prevedere tutto, tranne che mancassero proprio le basi, per avviare una rassegna come<strong> Il Gusto del Jazz<\/strong>. Sapevamo che il jazz a Cosenza non \u00e8 semplice a farsi strada, ma abbiamo impegnato tutte le nostre forze, affinch\u00e9 questo progetto &#8211; che vedeva in cartellone artisti i cui curricula parlano da soli &#8211; potesse decollare. Sarebbe bastato seminare, considerato che il teatro Il Piccolo non ha una sua storia nel campo dell&#8217;arte, della musica, del jazz in particolare. Siamo tuttavia rammaricate &#8211; spiegano Stammelluti e Meduri &#8211; per come siamo state costrette a deludere le aspettative di quanti avevano creduto in questo progetto, lo avevano seguito e supportato con la loro presenza, serata dopo serata&#8221;.<\/p>\n<p><strong>Mafalda Meduri<\/strong> ha spiegato nel dettaglio la situazione ai microfoni di <strong>Rlb Radioattiva<\/p>\n<p><\/strong>ASCOLTA L&#8217;INTERVISTA<br \/>\n[audio_mp3 url=&#8221;http:\/\/www.quicosenza.it\/news\/wp-content\/uploads\/2016\/04\/Mafalda-meduri-teatro-il-piccolo.mp3&#8243;]<\/p>\n<p>&#8220;Non c&#8217;erano le basi sostanziali per procedere e da questo momento noi ci dissociamo da qualunque altro progetto si vorr\u00e0 svolgere all&#8217;interno di quella struttura. Non abbiamo percepito neanche un centesimo per il lavoro svolto, in contrasto con gli impegni presi nei nostri confronti, ci\u00f2 malgrado avremmo continuato a lavorare ancora per pura passione, se solo si fossero retribuiti gli artisti, nel rispetto degli accordi, e si fosse potuto sostenere il progetto, mettendo a disposizione dei musicisti stessi, cose indispensabili come un pianoforte. Ci veniva presentato tutte le sere il conto delle spese vive, come se farlo, potesse farci dissuadere dal voler proseguire. La verit\u00e0 \u00e8 che per far partire un progetto imprenditoriale, perch\u00e9 tale era, non si pu\u00f2 certo partire con nulla e<strong> l&#8217;imprenditore Paolo Fata<\/strong>, che ha insistito per realizzare la rassegna, avrebbe dovuto saperlo, e assumersi di conseguenza, quello che si chiama rischio imprenditoriale. Certo, avremmo voluto anche noi, che il teatro fosse pieno tutte le sere, ma ci sono dei fattori che si sarebbe dovuto considerare sin dall&#8217;inizio e che noi conoscevamo molto bene. Un teatro distante dalla citt\u00e0, una concorrenza massiccia in fatto di serate sparse sul territorio, una offerta musicale sofisticata diretta ad appassionati del jazz col palato fine. Avrebbe dovuto essere una vera e propria sfida imprenditoriale e professionale che noi abbiamo accolto mentre dall\u2019altre parte si riduceva ad una conta spasmodica dei biglietti staccati. Pertanto, ci scusiamo con gli artisti che sono stati invitati e che poi non hanno potuto esibirsi nella rassegna, che si chiude cos\u00ec come si chiudono i nostri rapporti con il teatro stesso e chi lo gestisce&#8221; &#8211; sottolineano Stammelluti e Meduri&#8221;.<\/p>\n<p>&#8220;Avremmo voluto proseguire, ma non \u00e8 dipeso da noi. Ci abbiamo provato ma non avevamo il potere decisionale che spetta a chi decide le sorti di una rassegna, malgrado ne conoscessimo la bont\u00e0 e l&#8217;importanza per il territorio e per popolazione, che a volte non ama qualcosa esclusivamente perch\u00e9 non lo conosce, quel qualcosa. Possiamo rassicurare chi per\u00f2 ha creduto nel progetto e aveva voglia di seguirlo fino alla fine: non finisce ci\u00f2 che si \u00e8 voluto fortemente, e presto vi racconteremo tutte le novit\u00e0 che ci riguardano, ma che non riguarderanno pi\u00f9 n\u00e9 il teatro Il Piccolo n\u00e9 chi lo gestisce&#8221;.<\/p>\n","protected":false},"excerpt":{"rendered":"<p>Il Direttore Artistico e il Responsabile della Comunicazione si sono dimessi, ma resta il problema del pagamento dei musicisti.<\/p>\n","protected":false},"author":21,"featured_media":54965,"comment_status":"open","ping_status":"open","sticky":false,"template":"","format":"standard","meta":{"_acf_changed":false,"footnotes":"","jetpack_publicize_message":"","jetpack_publicize_feature_enabled":true,"jetpack_social_post_already_shared":false,"jetpack_social_options":{"image_generator_settings":{"template":"highway","default_image_id":0,"font":"","enabled":false},"version":2}},"categories":[28],"tags":[],"class_list":["post-54964","post","type-post","status-publish","format-standard","has-post-thumbnail","hentry","category-provincia"],"acf":[],"jetpack_publicize_connections":[],"_links":{"self":[{"href":"https:\/\/quicosenza.it\/news\/wp-json\/wp\/v2\/posts\/54964","targetHints":{"allow":["GET"]}}],"collection":[{"href":"https:\/\/quicosenza.it\/news\/wp-json\/wp\/v2\/posts"}],"about":[{"href":"https:\/\/quicosenza.it\/news\/wp-json\/wp\/v2\/types\/post"}],"author":[{"embeddable":true,"href":"https:\/\/quicosenza.it\/news\/wp-json\/wp\/v2\/users\/21"}],"replies":[{"embeddable":true,"href":"https:\/\/quicosenza.it\/news\/wp-json\/wp\/v2\/comments?post=54964"}],"version-history":[{"count":0,"href":"https:\/\/quicosenza.it\/news\/wp-json\/wp\/v2\/posts\/54964\/revisions"}],"wp:featuredmedia":[{"embeddable":true,"href":"https:\/\/quicosenza.it\/news\/wp-json\/wp\/v2\/media\/54965"}],"wp:attachment":[{"href":"https:\/\/quicosenza.it\/news\/wp-json\/wp\/v2\/media?parent=54964"}],"wp:term":[{"taxonomy":"category","embeddable":true,"href":"https:\/\/quicosenza.it\/news\/wp-json\/wp\/v2\/categories?post=54964"},{"taxonomy":"post_tag","embeddable":true,"href":"https:\/\/quicosenza.it\/news\/wp-json\/wp\/v2\/tags?post=54964"}],"curies":[{"name":"wp","href":"https:\/\/api.w.org\/{rel}","templated":true}]}}