{"id":56069,"date":"2016-04-28T08:57:56","date_gmt":"2016-04-28T06:57:56","guid":{"rendered":"https:\/\/www.quicosenza.it\/news\/senza-categoria\/terme-luigiane-riaprono2016\/"},"modified":"2023-01-17T12:02:42","modified_gmt":"2023-01-17T11:02:42","slug":"88440-terme-luigiane-riaprono2016","status":"publish","type":"post","link":"https:\/\/quicosenza.it\/news\/88440-terme-luigiane-riaprono2016\/","title":{"rendered":"Terme Luigiane: luned\u00ec 2 maggio riaprono gli stabilimenti termali"},"content":{"rendered":"<p><strong>Dopo la paventata chiusura dello stabilimento ed il rischio licenziamento di quasi 200 dipendenti, lo stabilimento Termae Novae di Guardia Piemontese \u00e8 pronto per la nuova stagione 2016. Luned\u00ec 2 maggio la riapertura<\/strong><!--more--><\/p>\n<p>&nbsp;<\/p>\n<p>ACQUAPPESA (CS) &#8211; Con una nota informativa la\u00a0<strong>S.A.TE.CA S.p.A<\/strong>., societ\u00e0\u2019 che gestisce le <strong>Terme Luigiane\u00a0<\/strong>con quasi 600 azionisti, annuncia l\u2019riapertura delle terme per il prossimo <strong>2 maggio.\u00a0<\/strong>In base all&#8217;accordo sottoscritto (vicenda legata alla scadenza della sub concessione per l\u2019utilizzo delle acque termali) con i comuni di <strong>Acquappesa<\/strong> e <strong>Guardia Piemontese<\/strong> \u2013 si legge nella nota\u00a0\u2013 grazie alla mediazione della Regione Calabria, dei rappresentanti dei sindacati, di una delegazione di lavoratori della Sateca e dei rappresentatati delle sigle sindacali CGIL, CISL e UIL, \u00a0la societ\u00e0 ha dato il via libera per la nuova stagione termale 2016, che inizier\u00e0 luned\u00ec prossimo con le seguenti <strong>Cure Inalatorie<\/strong>: aerosol, aerosol ionico, aerosol sonico, inalazioni, humage, nebulizzazioni, doccia nasale e doccia nasale micronizzata.<\/p>\n<p><a href=\"https:\/\/quicosenza.it\/news\/828\" rel=\"attachment wp-att-88447\"><img loading=\"lazy\" decoding=\"async\" class=\"aligncenter wp-image-88447\" src=\"http:\/\/www.quicosenza.it\/news\/wp-content\/uploads\/2016\/04\/terme-lugiane.jpg\" alt=\"Terme luigiane Guardia\" width=\"628\" height=\"462\" title=\"\"><\/a><\/p>\n<p>Per il momento, dunque, sar\u00e0 funzionante soltanto lo stabilimento <strong>Termae Novae<\/strong>, dove si potranno eseguire anche le cure di <strong>Insufflazioni endotimpaniche<\/strong>\u00a0come i caterismi tubarici e i politzer. Tutte le altre cure partiranno dal prossimo 23 maggio, mentre il centro benessere Acquaviva (relax e trattamenti benessere) aprir\u00e0 \u00a0il <strong>30 maggio i<\/strong>nsieme agli alberghi.\u00a0Il <strong>Grand hotel delle Terme<\/strong>, invece,\u00a0riaprir\u00e0 il prossimo il 5 giugno.<\/p>\n<p>&nbsp;<\/p>\n<p>&nbsp;<\/p>\n","protected":false},"excerpt":{"rendered":"<p>Dopo la paventata chiusura dello stabilimento ed il rischio licenziamento di quasi 200 dipendenti, lo stabilimento Termae Novae di Guardia Piemontese \u00e8 pronto per la nuova stagione 2016. Luned\u00ec 2 maggio la riapertura<\/p>\n","protected":false},"author":22,"featured_media":56070,"comment_status":"open","ping_status":"open","sticky":false,"template":"","format":"standard","meta":{"_acf_changed":false,"footnotes":"","jetpack_publicize_message":"","jetpack_publicize_feature_enabled":true,"jetpack_social_post_already_shared":false,"jetpack_social_options":{"image_generator_settings":{"template":"highway","default_image_id":0,"font":"","enabled":false},"version":2}},"categories":[28],"tags":[],"class_list":["post-56069","post","type-post","status-publish","format-standard","has-post-thumbnail","hentry","category-provincia"],"acf":[],"jetpack_publicize_connections":[],"_links":{"self":[{"href":"https:\/\/quicosenza.it\/news\/wp-json\/wp\/v2\/posts\/56069","targetHints":{"allow":["GET"]}}],"collection":[{"href":"https:\/\/quicosenza.it\/news\/wp-json\/wp\/v2\/posts"}],"about":[{"href":"https:\/\/quicosenza.it\/news\/wp-json\/wp\/v2\/types\/post"}],"author":[{"embeddable":true,"href":"https:\/\/quicosenza.it\/news\/wp-json\/wp\/v2\/users\/22"}],"replies":[{"embeddable":true,"href":"https:\/\/quicosenza.it\/news\/wp-json\/wp\/v2\/comments?post=56069"}],"version-history":[{"count":0,"href":"https:\/\/quicosenza.it\/news\/wp-json\/wp\/v2\/posts\/56069\/revisions"}],"wp:featuredmedia":[{"embeddable":true,"href":"https:\/\/quicosenza.it\/news\/wp-json\/wp\/v2\/media\/56070"}],"wp:attachment":[{"href":"https:\/\/quicosenza.it\/news\/wp-json\/wp\/v2\/media?parent=56069"}],"wp:term":[{"taxonomy":"category","embeddable":true,"href":"https:\/\/quicosenza.it\/news\/wp-json\/wp\/v2\/categories?post=56069"},{"taxonomy":"post_tag","embeddable":true,"href":"https:\/\/quicosenza.it\/news\/wp-json\/wp\/v2\/tags?post=56069"}],"curies":[{"name":"wp","href":"https:\/\/api.w.org\/{rel}","templated":true}]}}