{"id":56373,"date":"2016-05-05T15:06:51","date_gmt":"2016-05-05T13:06:51","guid":{"rendered":"https:\/\/www.quicosenza.it\/news\/senza-categoria\/incidente-statale-18-sara-salvato-otto-vite\/"},"modified":"2023-01-17T12:03:16","modified_gmt":"2023-01-17T11:03:16","slug":"89716-incidente-statale-18-sara-salvato-otto-vite","status":"publish","type":"post","link":"https:\/\/quicosenza.it\/news\/89716-incidente-statale-18-sara-salvato-otto-vite\/","title":{"rendered":"Incidente Statale 18, Sara ha salvato otto vite"},"content":{"rendered":"<p><strong>Dopo il consenso dei genitori, gli organi della sfortunata ragazza deceduta il 3 maggio scorso sono stati trapiantati su otto pazienti diversi.<\/strong><!--more--><\/p>\n<p>COSENZA &#8211; Ha salvato otto vite la giovane <strong>Sara Frangella<\/strong>, la 18enne di San\u00a0Lucido\u00a0<span style=\"color: #0000ff;\"><strong><a style=\"color: #0000ff;\" href=\"https:\/\/quicosenza.it\/news\/876\">deceduta il 3 maggio scorso a seguito di un incidente stradale<\/a><\/strong><\/span>. Nel terribile sinistro, avvenuto la mattina del 29 aprile sulla <span style=\"color: #0000ff;\"><strong><a style=\"color: #0000ff;\" href=\"https:\/\/quicosenza.it\/news\/875\">Statale 18 nei pressi di San Lucido<\/a><\/strong><\/span>, avevano subito perso la vita altre due giovanissime ragazze, Ida Oliva e Filomena Santoro di 18 e 19 anni, mentre Sara, era stata trasportata in ospedale in condizioni disperate. Dopo quattro giorni di agonia il decesso. Nonostante l&#8217;immane\u00a0dolore, i genitori avevano compiuto un gesto di grande umanit\u00e0 dando il loro assenso per l\u2019espianto degli organi. Una decisione che, come conferma la Direzione Aziendale dell\u2019Ospedale di Cosenza, ha salvato la vita a otto persone.<br \/>\n\u201cNella giornata di ieri \u2013 si legge in una nota \u2013 all\u2019<strong>Ospedale Annunziata di Cosenza<\/strong>, \u00e8 stato eseguito, dall\u2019equipe chirurgica composta dai dottori<strong> Sebastiano Vaccarisi, Vincenzo Pellegrino e Massimiliano Battaglia<\/strong>, chirurghi della UOC di Chirurgia Epato-bilio-pancreatico, unitamente ai colleghi provenienti da <strong>Bergamo, Milano e Udine<\/strong>, un delicato intervento di prelievo multiorgano (cuore, pancreas, fegato, reni e cornee). Gli organi suddetti sono stati trapiantati su otto pazienti diversi. Uno dei due reni \u00e8 stato impiantato, con successo, dall\u2019equipe cosentina ad una giovane donna in dialisi da cinque anni, mentre l\u2019altro \u00e8 stato trapiantato a <strong>Reggio Calabria<\/strong>\u201d.<br \/>\nGli organi, di cui hanno beneficiato otto diversi pazienti, tra cui un bambino, appartenevano proprio alla giovane Sara.<\/p>\n<div id=\"attachment_89291\" style=\"width: 635px\" class=\"wp-caption aligncenter\"><a href=\"https:\/\/quicosenza.it\/news\/906\" rel=\"attachment wp-att-89291\"><img loading=\"lazy\" decoding=\"async\" aria-describedby=\"caption-attachment-89291\" class=\"wp-image-89291\" src=\"http:\/\/www.quicosenza.it\/news\/wp-content\/uploads\/2016\/05\/Sara-Fragella.jpg\" alt=\"Sara Frangella\" width=\"625\" height=\"625\" title=\"\"><\/a><p id=\"caption-attachment-89291\" class=\"wp-caption-text\">S<em>ara Frangella \u00e8 la terza vittima del terribile incidente di venerd\u00ec 29 aprile.<\/em><\/p><\/div>\n<p><em>\u00a0<\/em>\u201cI genitori della ragazza \u2013 continua la nota \u2013 cui esprimiamo come Azienda e come personale tutto, le nostre pi\u00f9 sentite condoglianze e la nostra vicinanza per il loro grande dolore, hanno dato il consenso alla donazione. Ancora una volta, dice il Direttore Generale, dr. <strong>Achille Gentile<\/strong>, la solidariet\u00e0 \u00e8 testimone che la perdita di una persona cara pu\u00f2 donare speranza di vita ad altre persone. Esprimiamo vicinanza e cordoglio alla famiglia. Il generoso gesto d\u2019amore, nobile esempio di umanit\u00e0 e di grande civilt\u00e0 sicuramente contribuir\u00e0 ad incrementare il numero delle donazioni di organi nella nostra Calabria. Il buon esito del percorso \u00e8 da ascrivere al collaudato e ottimale coordinamento e funzionamento dei servizi e dei reparti della nostra Azienda .A tutti gli operatori coinvolti va un ringraziamento. <strong>Il Trapianto eseguito ieri dall\u2019equipe della UOC di Chirurgia Epato-bilio-pancreatica \u00e8 il terzo effettuato in soli venti giorni<\/strong>, a testimonianza di come anche nella nostra regione vengono attuati interventi di alta complessit\u00e0 con ottimi risultati\u201d.<\/p>\n<h2><\/h2>\n<h2>L&#8217;associazione Basta Vittime sulla S.S. 106:&#8221; sulla strada ha vinto Sara a cui dedichiamo la settimana mondiale per la sicurezza stradale&#8221;<\/h2>\n<p>L\u2019Associazione \u201c<strong>Basta Vittime Sulla Strada Statale 106<\/strong>\u201d con sincera commozione esprime profonda gratitudine nei confronti della Famiglia di Sara Frangella, vittima della S.S.18, nell&#8217;incidente del 29 aprile scorso in cui purtroppo persero la vita Ida Oliva e Filomena Santoro: tutte di 19 anni ed amiche tra loro.\u00a0I genitori di Sara, infatti, hanno deciso, nel rispett<span class=\"text_exposed_show\">o della volont\u00e0 di Sara, di donare gli organi della giovane e sfortunata ragazza. Sono otto gli organi donati per altrettanti trapianti che di fatto permetteranno a Sara di continuare a vivere non solo nei ricordi di chi l\u2019ha conosciuta ed amata.\u00a0<\/span>Questo gesto d\u2019amore, ma anche civile e di grande altruismo, inaugura in Calabria, a nostro giudizio, nel migliore dei modi la <strong>Settimana Mondiale per la Sicurezza Stradale<\/strong> indetta dalle ONU per sensibilizzare l\u2019intero pianeta su un tema sempre pi\u00f9 importante e fondamentale qual \u00e8 quello sulla incidentalit\u00e0 e mortalit\u00e0 stradale e su come essa debba essere prevenuta ed evitata.<\/p>\n<div class=\"text_exposed_show\">\n<p>L\u2019Associazione \u201cBasta Vittime Sulla Strada Statale 106\u201d, a tal proposito, rende noto che insieme alle Associazioni \u201c25 Aprile \u2013 Marco De Simone\u201d e \u201cU Varrile\u201d Onlus ed in collaborazione con il Centro Servizi per il Volontariato della provincia di Cosenza promuover\u00e0 in alcune scuole della costa jonica cosentina il valore e l\u2019importanza del volontariato e dell\u2019associazionismo prevedendo anche un momento dedicato alla sicurezza stradale ed al ricordo di questa giovane ragazza e del suo gesto.<\/p>\n<p>Nello specifico le Associazioni saranno presenti il 7 maggio al Liceo Classico ed Artistico di Rossano, il 12 all\u2019IPSIA-ITI di Cariati con la speciale partecipazione dell\u2019Associazione \u201cCapodanno in Paradiso\u201d ed il 13 maggio all\u2019Istituto Tecnico per Geometra di Corigliano Calabro. Fabio Pugliese \u2013 presidente dell\u2019Associazione \u201cBasta Vittime Sulla Strada Statale 106\u201d capofila del progetto si dice \u201ccontento e soddisfatto perch\u00e9 questa iniziativa consolida ed arricchisce il rapporto gi\u00e0 solido tra le associazioni della rete e poi felice perch\u00e9 attraverso questa iniziativa riusciremo a spiegare ai giovani studenti l\u2019importanza del volontariato, l\u2019operato e le iniziative delle tre associazioni rivolte alla nascita di una cittadinanza attiva, alla sicurezza stradale e, pi\u00f9 in generale, all\u2019associazionismo\u201d.<\/p>\n<\/div>\n","protected":false},"excerpt":{"rendered":"<p>Dopo il consenso dei genitori, gli organi della sfortunata ragazza deceduta il 3 maggio scorso sono stati trapiantati su otto pazienti diversi.<\/p>\n","protected":false},"author":22,"featured_media":56374,"comment_status":"open","ping_status":"open","sticky":false,"template":"","format":"standard","meta":{"_acf_changed":false,"footnotes":"","jetpack_publicize_message":"","jetpack_publicize_feature_enabled":true,"jetpack_social_post_already_shared":false,"jetpack_social_options":{"image_generator_settings":{"template":"highway","default_image_id":0,"font":"","enabled":false},"version":2}},"categories":[571,28],"tags":[],"class_list":["post-56373","post","type-post","status-publish","format-standard","has-post-thumbnail","hentry","category-in-evidenza","category-provincia"],"acf":[],"jetpack_publicize_connections":[],"_links":{"self":[{"href":"https:\/\/quicosenza.it\/news\/wp-json\/wp\/v2\/posts\/56373","targetHints":{"allow":["GET"]}}],"collection":[{"href":"https:\/\/quicosenza.it\/news\/wp-json\/wp\/v2\/posts"}],"about":[{"href":"https:\/\/quicosenza.it\/news\/wp-json\/wp\/v2\/types\/post"}],"author":[{"embeddable":true,"href":"https:\/\/quicosenza.it\/news\/wp-json\/wp\/v2\/users\/22"}],"replies":[{"embeddable":true,"href":"https:\/\/quicosenza.it\/news\/wp-json\/wp\/v2\/comments?post=56373"}],"version-history":[{"count":0,"href":"https:\/\/quicosenza.it\/news\/wp-json\/wp\/v2\/posts\/56373\/revisions"}],"wp:featuredmedia":[{"embeddable":true,"href":"https:\/\/quicosenza.it\/news\/wp-json\/wp\/v2\/media\/56374"}],"wp:attachment":[{"href":"https:\/\/quicosenza.it\/news\/wp-json\/wp\/v2\/media?parent=56373"}],"wp:term":[{"taxonomy":"category","embeddable":true,"href":"https:\/\/quicosenza.it\/news\/wp-json\/wp\/v2\/categories?post=56373"},{"taxonomy":"post_tag","embeddable":true,"href":"https:\/\/quicosenza.it\/news\/wp-json\/wp\/v2\/tags?post=56373"}],"curies":[{"name":"wp","href":"https:\/\/api.w.org\/{rel}","templated":true}]}}