{"id":65228,"date":"2016-12-12T11:42:25","date_gmt":"2016-12-12T10:42:25","guid":{"rendered":"https:\/\/www.quicosenza.it\/news\/senza-categoria\/suicidio-nei-pressi-di-pizzo-giovane-donna-si-lancia-da-un-viadotto-dellautostrada\/"},"modified":"2023-01-17T12:21:24","modified_gmt":"2023-01-17T11:21:24","slug":"126073-suicidio-nei-pressi-di-pizzo-giovane-donna-si-lancia-da-un-viadotto-dellautostrada","status":"publish","type":"post","link":"https:\/\/quicosenza.it\/news\/126073-suicidio-nei-pressi-di-pizzo-giovane-donna-si-lancia-da-un-viadotto-dellautostrada\/","title":{"rendered":"Suicidio nei pressi di Pizzo, ragazza di soli 26 anni si lancia da un viadotto dell&#8217;autostrada"},"content":{"rendered":"<p><strong><span style=\"line-height: 1.5;\">La tragedia nel tratto autostradale dell&#8217;A3 che costeggia l&#8217;abitato di Pizzo Calabro. Una giovane musicista di 26 anni si sarebbe lanciata dal viadotto gi\u00e0 tristemente noto per un suicidio avvenuto qualche mese fa<\/span><\/strong><!--more--><\/p>\n<p>&nbsp;<\/p>\n<p><span style=\"line-height: 1.5;\">VIBO VALENTIA &#8211; Una terribile tragedia si \u00e8 consumata questa mattina nel tratto autostradale dell&#8217;A3 che costeggia l&#8217;abitato di Pizzo. Una <strong>ragazza di soli 26 anni, brillante violinista<\/strong>\u00a0di Vibo Valentia, vincitrice di numerosi premi, si sarebbe tolta la vita lanciandosi nel vuoto da un<strong> viadotto dell&#8217;autostrada A3 nei pressi di Pizzo Calabro<\/strong>. La ragazza, dopo essere arrivata poco distante dal\u00a0viadotto che sovrasta l&#8217;abitato di Pizzo Calabro a bordo di una <strong>Fiat\u00a0500 x rossa<\/strong> intestata al padre, avrebbe abbandonato il mezzo proseguendo per un tratto di strada a piedi. Poi il tragico lancio nel vuoto <strong>da un&#8217;altezza di oltre 50 metri<\/strong>.\u00a0<\/span><\/p>\n<p><a href=\"https:\/\/quicosenza.it\/news\/2013\" rel=\"attachment wp-att-126135\"><img loading=\"lazy\" decoding=\"async\" class=\"aligncenter  wp-image-126135\" src=\"http:\/\/www.quicosenza.it\/news\/wp-content\/uploads\/2016\/12\/Suicidio-Vibo01.jpg\" alt=\"suicidio-vibo01\" width=\"608\" height=\"293\" title=\"\"><\/a><\/p>\n<p><span style=\"line-height: 1.5;\">\u00a0<\/span>Sul posto sono intervenute le forze dell&#8217;ordine, personale medico e i Vigili del Fuoco in elicottero, che per alcune ore avrebbero cercato la\u00a0donna nella fitta vegetazione al di sotto del viadotto.\u00a0<strong>Nella tarda mattinata il corpo senza vita della musicista \u00e8 stato ritrovato da un gruppo dei Vigili del Fuoco ai piedi dei piloni del viadotto<\/strong>. Avviate anche le indagini nel tentativo di comprendere le cause\u00a0del terribile gesto della ragazza che per ora rimangono ignote. Musicista di talento, si era diplomata a soli 16 anni\u00a0al Conservatorio \u201cF. Torrefranca\u201d di Vibo Valentia con il massimo dei voti e menzione d\u2019onore.\u00a0Lunga e di rilievo la sua\u00a0attivit\u00e0 concertistica con numerose orchestre nelle pi\u00f9 importanti citt\u00e0 italiane.\u00a0Nel\u00a02004 partecipa all\u2019International Children\u2019s Cultural and Art Festival di Shanghai, in qualit\u00e0 di migliore giovane violinista italiana. Nel 2005 ha suonato per il Presidente della Repubblica Carlo Azeglio Ciampi in visita a Vibo Valentia.<\/p>\n<p><img loading=\"lazy\" decoding=\"async\" class=\"aligncenter  wp-image-126139\" src=\"http:\/\/www.quicosenza.it\/news\/wp-content\/uploads\/2016\/12\/Suicidio-Vibo03.jpg\" alt=\"suicidio-vibo03\" width=\"605\" height=\"283\" title=\"\"><\/p>\n<p>Lo scorso 29 settembre, sempre dal quel maledetto <strong>viadotto &#8220;<i>Costiera di Pizzo&#8221;\u00a0<\/i><\/strong>al km 344,000\u00a0della Salerno-Reggio Calabria nei pressi di Pizzo, si verific\u00f2 un altro terribile suicidio. A lanciarsi nel vuoto \u00a0una donna di circa 40 anni, S.P., residente a Vibo, che scavalc\u00f2 il guardrail e le barriere protettive e si\u00a0lanci\u00f2 gi\u00f9 dal viadotto.<\/p>\n<p><a href=\"https:\/\/quicosenza.it\/news\/2014\" rel=\"attachment wp-att-126137\"><img loading=\"lazy\" decoding=\"async\" class=\"aligncenter  wp-image-126137\" src=\"http:\/\/www.quicosenza.it\/news\/wp-content\/uploads\/2016\/12\/Suicidio-Vibo02.jpg\" alt=\"suicidio-vibo02\" width=\"612\" height=\"274\" title=\"\"><\/a><\/p>\n<p>&nbsp;<\/p>\n","protected":false},"excerpt":{"rendered":"<p>La tragedia nel tratto autostradale dell&#8217;A3 che costeggia l&#8217;abitato di Pizzo Calabro. Una giovane musicista di 26 anni si sarebbe lanciata dal viadotto gi\u00e0 tristemente noto per un suicidio avvenuto qualche mese fa<\/p>\n","protected":false},"author":22,"featured_media":65229,"comment_status":"open","ping_status":"open","sticky":false,"template":"","format":"standard","meta":{"_acf_changed":false,"footnotes":"","jetpack_publicize_message":"","jetpack_publicize_feature_enabled":true,"jetpack_social_post_already_shared":false,"jetpack_social_options":{"image_generator_settings":{"template":"highway","default_image_id":0,"font":"","enabled":false},"version":2}},"categories":[17,571],"tags":[],"class_list":["post-65228","post","type-post","status-publish","format-standard","has-post-thumbnail","hentry","category-calabria","category-in-evidenza"],"acf":[],"jetpack_publicize_connections":[],"_links":{"self":[{"href":"https:\/\/quicosenza.it\/news\/wp-json\/wp\/v2\/posts\/65228","targetHints":{"allow":["GET"]}}],"collection":[{"href":"https:\/\/quicosenza.it\/news\/wp-json\/wp\/v2\/posts"}],"about":[{"href":"https:\/\/quicosenza.it\/news\/wp-json\/wp\/v2\/types\/post"}],"author":[{"embeddable":true,"href":"https:\/\/quicosenza.it\/news\/wp-json\/wp\/v2\/users\/22"}],"replies":[{"embeddable":true,"href":"https:\/\/quicosenza.it\/news\/wp-json\/wp\/v2\/comments?post=65228"}],"version-history":[{"count":0,"href":"https:\/\/quicosenza.it\/news\/wp-json\/wp\/v2\/posts\/65228\/revisions"}],"wp:featuredmedia":[{"embeddable":true,"href":"https:\/\/quicosenza.it\/news\/wp-json\/wp\/v2\/media\/65229"}],"wp:attachment":[{"href":"https:\/\/quicosenza.it\/news\/wp-json\/wp\/v2\/media?parent=65228"}],"wp:term":[{"taxonomy":"category","embeddable":true,"href":"https:\/\/quicosenza.it\/news\/wp-json\/wp\/v2\/categories?post=65228"},{"taxonomy":"post_tag","embeddable":true,"href":"https:\/\/quicosenza.it\/news\/wp-json\/wp\/v2\/tags?post=65228"}],"curies":[{"name":"wp","href":"https:\/\/api.w.org\/{rel}","templated":true}]}}