{"id":65965,"date":"2016-12-30T09:38:33","date_gmt":"2016-12-30T08:38:33","guid":{"rendered":"https:\/\/www.quicosenza.it\/news\/senza-categoria\/taglia-10-mila-euro-trovare-responsabili-delluccisione-del-gatto-tortora\/"},"modified":"2023-01-17T12:22:49","modified_gmt":"2023-01-17T11:22:49","slug":"129224-taglia-10-mila-euro-trovare-responsabili-delluccisione-del-gatto-tortora","status":"publish","type":"post","link":"https:\/\/quicosenza.it\/news\/129224-taglia-10-mila-euro-trovare-responsabili-delluccisione-del-gatto-tortora\/","title":{"rendered":"Una taglia di 10 mila euro per trovare i responsabili dell&#8217;uccisione del gatto a Tortora"},"content":{"rendered":"<p><strong>Una taglia per stanare gli assassini e gli autori di quel gesto crudele e feroce. L&#8217;Associazione Italiana Difesa degli Animali e Ambiente dar\u00e0 diecimila euro a chi indicher\u00e0 i responsabili alle forze dell&#8217;ordine.<\/strong><!--more--><\/p>\n<p>TORTORA &#8211; Una morte orribile, bruciato vivo, dilaniato dai petardi alcuni dei quali gli sono stati infilati in bocca. Non si riesce a comprendere come la mente umana, \u00a0sia capace di arrivare a compiere gratuitamente un&#8217;uccisione del genere e per questo ora \u00e8 caccia ai <strong>responsabili<\/strong>, che<strong> hanno le ore contate<\/strong>. Dopo la vicenda del cane Angelo questo \u00e8 il secondo caso in pochi mesi di omicidio di animali che avviene in provincia di Cosenza. <strong>L&#8217;AIDAA<\/strong> &#8211; Associazione Italiana Difesa degli Animali e Ambiente &#8211; da sempre, cos\u00ec come le altre associazioni animaliste chiede l&#8217;inasprimento delle pene per chi provoca la morte con l&#8217;aggravante della crudelt\u00e0 di un qualsiasi essere vivente sia umano che animale. Anche in questo caso l&#8217;Associazione Italiana Difesa Animali ed Ambiente ha deciso di mettere una taglia di <strong>10.000 euro sulla testa dell&#8217;autore o degli autori di questo scempio<\/strong>.<\/p>\n<p>AIDAA pagher\u00e0 la taglia a<strong> chiunque sar\u00e0 in grado di fornire informazioni<\/strong> che porteranno all&#8217;individuazione ed alla condanna definitiva dell&#8217;assassino o degli assassini del gatto.<\/p>\n<p><img loading=\"lazy\" decoding=\"async\" class=\" wp-image-128715 alignleft\" src=\"http:\/\/www.quicosenza.it\/news\/wp-content\/uploads\/2016\/12\/Gatto-bruciato2.jpg\" alt=\"gatto-bruciato2\" width=\"409\" height=\"215\" title=\"\"><\/p>\n<p>&#8220;Siamo davanti a un atto di crudelt\u00e0 senza precedenti- \u00a0dice Antonella Brunetti propresidente di AIDAA e responsabile del settore gatti dell&#8217;associazione &#8211; speriamo che la gente si ribelli e a furore di popolo individui e consegni alla giustizia i responsabili di questo atroce atto che non ha alcuna possibile giustificazione, i responsabili devono pagare fino in fondo&#8221;.<\/p>\n<p>Intanto la polizia locale e le forze dell&#8217;ordine stanno lavorando <strong>all&#8217;acquisizione di possibili filmati di telecamere private<\/strong> che possono aver ripreso quanto accaduto o i responsabili di questo orribile atto prima o dopo che lo hanno compiuto. Durissimo il presidente nazionale AIDAA, Lorenzo Croce, che punta il dito sulla<strong> sub cultura di certe realt\u00e0<\/strong> e sulle pene miti per chi commette questo tipo di reati.<\/p>\n<p>&#8220;Abbiamo davanti agli occhi la questione del cane Angelo, ora tocca a questo gatto &#8211; dice Croce &#8211; o il governo e il parlamento di svegliano e inaspriscono le pene portando in galera nel senso vero della parola i responsabili di queste barbarie, oppure prima o poi qualcuno si far\u00e0 giustizia da solo perch\u00e8 l&#8217;indignazione per questi atti \u00e8 assolutamente comprensibile&#8221;.<\/p>\n<p><strong>LEGGI ANCHE:<\/strong><\/p>\n<h3><span style=\"color: #0000ff;\"><a style=\"color: #0000ff;\" href=\"https:\/\/quicosenza.it\/news\/2109\" target=\"_blank\" rel=\"noopener\">&#8211; Tortora come Sangineto. Crudelt\u00e0 e orrore su un gattino, riempito di petardi e fatto esplodere<\/a><\/span><\/h3>\n<h3><span style=\"color: #0000ff;\"><a style=\"color: #0000ff;\" href=\"https:\/\/quicosenza.it\/news\/2110\" target=\"_blank\" rel=\"noopener\">&#8211; Gattino massacrato a Tortora, animalisti chiedono giustizia. La condanna del sindaco<\/a><\/span><\/h3>\n","protected":false},"excerpt":{"rendered":"<p>Una taglia per stanare gli assassini e gli autori di quel gesto crudele e feroce. L&#8217;Associazione Italiana Difesa degli Animali e Ambiente dar\u00e0 diecimila euro a chi indicher\u00e0 i responsabili alle forze dell&#8217;ordine.<\/p>\n","protected":false},"author":22,"featured_media":65966,"comment_status":"closed","ping_status":"open","sticky":false,"template":"","format":"standard","meta":{"_acf_changed":false,"footnotes":"","jetpack_publicize_message":"","jetpack_publicize_feature_enabled":true,"jetpack_social_post_already_shared":false,"jetpack_social_options":{"image_generator_settings":{"template":"highway","default_image_id":0,"font":"","enabled":false},"version":2}},"categories":[571,28],"tags":[],"class_list":["post-65965","post","type-post","status-publish","format-standard","has-post-thumbnail","hentry","category-in-evidenza","category-provincia"],"acf":[],"jetpack_publicize_connections":[],"_links":{"self":[{"href":"https:\/\/quicosenza.it\/news\/wp-json\/wp\/v2\/posts\/65965","targetHints":{"allow":["GET"]}}],"collection":[{"href":"https:\/\/quicosenza.it\/news\/wp-json\/wp\/v2\/posts"}],"about":[{"href":"https:\/\/quicosenza.it\/news\/wp-json\/wp\/v2\/types\/post"}],"author":[{"embeddable":true,"href":"https:\/\/quicosenza.it\/news\/wp-json\/wp\/v2\/users\/22"}],"replies":[{"embeddable":true,"href":"https:\/\/quicosenza.it\/news\/wp-json\/wp\/v2\/comments?post=65965"}],"version-history":[{"count":0,"href":"https:\/\/quicosenza.it\/news\/wp-json\/wp\/v2\/posts\/65965\/revisions"}],"wp:featuredmedia":[{"embeddable":true,"href":"https:\/\/quicosenza.it\/news\/wp-json\/wp\/v2\/media\/65966"}],"wp:attachment":[{"href":"https:\/\/quicosenza.it\/news\/wp-json\/wp\/v2\/media?parent=65965"}],"wp:term":[{"taxonomy":"category","embeddable":true,"href":"https:\/\/quicosenza.it\/news\/wp-json\/wp\/v2\/categories?post=65965"},{"taxonomy":"post_tag","embeddable":true,"href":"https:\/\/quicosenza.it\/news\/wp-json\/wp\/v2\/tags?post=65965"}],"curies":[{"name":"wp","href":"https:\/\/api.w.org\/{rel}","templated":true}]}}