{"id":77340,"date":"2017-04-13T09:21:52","date_gmt":"2017-04-13T07:21:52","guid":{"rendered":"https:\/\/www.quicosenza.it\/news\/senza-categoria\/bufera-sacal-sequestrati-massimo-colosimo-150-mila-euro-contanti-cassetta-sicurezza\/"},"modified":"2023-01-16T19:29:48","modified_gmt":"2023-01-16T18:29:48","slug":"147655-bufera-sacal-sequestrati-massimo-colosimo-150-mila-euro-contanti-cassetta-sicurezza","status":"publish","type":"post","link":"https:\/\/quicosenza.it\/news\/147655-bufera-sacal-sequestrati-massimo-colosimo-150-mila-euro-contanti-cassetta-sicurezza\/","title":{"rendered":"Bufera su Sacal, sequestrati a Massimo Colosimo 150 mila euro in contanti in una cassetta di sicurezza"},"content":{"rendered":"<h4>Massimo Colosimo, presidente della Sacal, societ\u00e0 di gestione dell&#8217;aeroporto di Lamezia, \u00e8 stato arrestato due giorni fa.<\/h4>\n<p><!--more--><\/p>\n<p>&nbsp;<\/p>\n<p>LAMEZIA TERME &#8211; Aveva<strong> centocinquantamila euro in contanti<\/strong> che gli sono stati sequestrati dalla Guardia di finanza e dalla Polizia di frontiera. Massimo <strong>Colosimo<\/strong>, presidente della Sacal, la societ\u00e0 di gestione dell&#8217;aeroporto di Lamezia Terme, \u00e8 stato arrestato marted\u00ec scorso insieme al direttore generale, Pierluigi Mancuso, ed alla responsabile dell&#8217;ufficio legale e Affari generali della stessa societ\u00e0, Ester Michienzi. La somma \u00e8 stata trovata, nel corso delle perquisizioni disposte dalla Procura della Repubblica di Lamezia Terme in seguito agli arresti, in una <strong>cassetta di sicurezza<\/strong> depositata in un<strong> istituto di credito di Catanzaro.<\/strong> Il Procuratore della Repubblica, Salvatore Curcio, ha disposto il sequestro del denaro sussistendo il sospetto che possa essere provento dei reati contestati a Colosimo, che vanno dalla corruzione, al peculato, al falso ed all&#8217;abuso d&#8217;ufficio.<\/p>\n<h4 style=\"text-align: center;\"><\/h4>\n<h4 style=\"text-align: center;\"><strong>LEGGI ANCHE:<\/strong><\/h4>\n<h4 style=\"text-align: center;\"><a href=\"https:\/\/quicosenza.it\/news\/2639\" target=\"_blank\" rel=\"noopener\"><span style=\"color: #0000ff;\"><strong>Inchiesta Sacal: il \u2018posto\u2019 in aeroporto solo a parenti ed amici di politici e dirigenti<\/strong><\/span><\/a><\/h4>\n<h4 style=\"text-align: center;\"><span style=\"color: #0000ff;\"><a style=\"color: #0000ff;\" href=\"https:\/\/quicosenza.it\/news\/2640\" target=\"_blank\" rel=\"noopener\">\u201cEumenidi\u201d: gestione Sacal tra assunzioni clientelari, la \u2018bella vita\u2019 dei dirigenti e consulenze fantasma<\/a><\/span><\/h4>\n<h4 style=\"text-align: center;\"><span style=\"color: #0000ff;\"><a style=\"color: #0000ff;\" href=\"https:\/\/quicosenza.it\/news\/2641\" target=\"_blank\" rel=\"noopener\">Bufera su Sacal: amici e parenti da inserire nell\u2019Aeroporto, tutti i nomi degli indagati<\/a><\/span><\/h4>\n<h3>Pignanelli segue il &#8216;consiglio&#8217; di Oliverio e si dimette dal Cda<\/h3>\n<p>L\u2019avvocato Gaetano Pignanelli, in qualit\u00e0 di componente del Consiglio d\u2019Amministrazione della \u201cSacal\u201d, ha inviato una lettera al Presidente del Consiglio d\u2019Amministrazione ed al Presidente del Collegio sindacale della \u201cSacal\u201d con la quale \u2013 informa una nota dell\u2019Ufficio stampa della Giunta regionale \u2013 rassegna \u201cle dimissioni irrevocabili dal Cda della Sacal spa\u201d. Pignanelli spiega nella lettera che le dimissioni sono state presentate per \u201cconsentire l\u2019accelerazione delle procedure per il rinnovo degli organi di gestione della Societ\u00e0\u201d. Pignanelli auspica anche che \u201cgli altri componenti valuteranno l\u2019opportunit\u00e0 di analoga iniziativa, per consentire al Collegio Sindacale lo svolgimento delle funzioni di ordinaria amministrazione, per come previsto dalle disposizioni vigenti, nelle more delle decisioni assembleari\u201d.<\/p>\n","protected":false},"excerpt":{"rendered":"<p>Massimo Colosimo, presidente della Sacal, societ\u00e0 di gestione dell&#8217;aeroporto di Lamezia, \u00e8 stato arrestato due giorni fa.<\/p>\n","protected":false},"author":22,"featured_media":77341,"comment_status":"closed","ping_status":"open","sticky":false,"template":"","format":"standard","meta":{"_acf_changed":false,"footnotes":"","jetpack_publicize_message":"","jetpack_publicize_feature_enabled":true,"jetpack_social_post_already_shared":false,"jetpack_social_options":{"image_generator_settings":{"template":"highway","default_image_id":0,"font":"","enabled":false},"version":2}},"categories":[17,571],"tags":[],"class_list":["post-77340","post","type-post","status-publish","format-standard","has-post-thumbnail","hentry","category-calabria","category-in-evidenza"],"acf":[],"jetpack_publicize_connections":[],"_links":{"self":[{"href":"https:\/\/quicosenza.it\/news\/wp-json\/wp\/v2\/posts\/77340","targetHints":{"allow":["GET"]}}],"collection":[{"href":"https:\/\/quicosenza.it\/news\/wp-json\/wp\/v2\/posts"}],"about":[{"href":"https:\/\/quicosenza.it\/news\/wp-json\/wp\/v2\/types\/post"}],"author":[{"embeddable":true,"href":"https:\/\/quicosenza.it\/news\/wp-json\/wp\/v2\/users\/22"}],"replies":[{"embeddable":true,"href":"https:\/\/quicosenza.it\/news\/wp-json\/wp\/v2\/comments?post=77340"}],"version-history":[{"count":0,"href":"https:\/\/quicosenza.it\/news\/wp-json\/wp\/v2\/posts\/77340\/revisions"}],"wp:featuredmedia":[{"embeddable":true,"href":"https:\/\/quicosenza.it\/news\/wp-json\/wp\/v2\/media\/77341"}],"wp:attachment":[{"href":"https:\/\/quicosenza.it\/news\/wp-json\/wp\/v2\/media?parent=77340"}],"wp:term":[{"taxonomy":"category","embeddable":true,"href":"https:\/\/quicosenza.it\/news\/wp-json\/wp\/v2\/categories?post=77340"},{"taxonomy":"post_tag","embeddable":true,"href":"https:\/\/quicosenza.it\/news\/wp-json\/wp\/v2\/tags?post=77340"}],"curies":[{"name":"wp","href":"https:\/\/api.w.org\/{rel}","templated":true}]}}