{"id":95676,"date":"2018-07-14T05:20:04","date_gmt":"2018-07-14T03:20:04","guid":{"rendered":"https:\/\/www.quicosenza.it\/news\/senza-categoria\/parenti-cittadinanza-onoraria-al-presidente-guarascio-la-sindaca-bentornato-a-casa\/"},"modified":"2023-01-16T18:56:20","modified_gmt":"2023-01-16T17:56:20","slug":"227544-parenti-cittadinanza-onoraria-al-presidente-guarascio-la-sindaca-bentornato-a-casa","status":"publish","type":"post","link":"https:\/\/quicosenza.it\/news\/227544-parenti-cittadinanza-onoraria-al-presidente-guarascio-la-sindaca-bentornato-a-casa\/","title":{"rendered":"Parenti, cittadinanza onoraria al presidente Guarascio. La sindaca &#8220;bentornato a casa&#8221;"},"content":{"rendered":"<h4><span style=\"color: #000000;\">Nella splendida location di &#8220;Palazzo Ricciulli&#8221; la sindaca di Parenti Donatella Deposito ha conferito, la cittadinanza onoraria al presidente del Cosenza Eugenio Guarascio. Riconosciuti meriti sportivi e qualit\u00e0 manageriali. Il patron rossoblu&#8221; grazie a tutti, mi sento davvero a casa&#8221;<\/span><!--more--><\/h4>\n<p>.<\/p>\n<p>PARENTI (CS) &#8211; <span style=\"color: #000000;\">Una bellissima festa conclusa con la consegna di una targa al Presidente del Cosenza Calcio <strong>Eugenio Guarascio<\/strong> che ieri pomeriggio ha ricevuto la <strong>cittadinanza onoraria<\/strong> da parte del <strong>Comune di Parenti<\/strong> nella persona del <strong>Sindaco Donatella Deposito<\/strong>. Il patron rossoblu, visibilmente commosso, salutato dal grande affetto di centinaia di cittadini,<\/span><span style=\"color: #000000;\">\u00a0ha tenuto precisare e ricordare con orgoglio le sue origini. <strong>Nato nella frazione di Spineto nel comune di Aprigliano,<\/strong> <strong>ha\u00a0<\/strong><\/span><span style=\"color: #000000;\"><strong>vissuto a Parenti fino all&#8217;et\u00e0 di 11 anni<\/strong>, prima di trasferirsi con la famiglia a Nicastro dove nel corso degli anni ha poi costruito la sua grande carriera\u00a0<\/span><span style=\"color: #000000;\">di imprenditore.<\/span><\/p>\n<p><span style=\"color: #000000;\">&#8220;<em>Grazie al Sindaco e a tutti i presenti per questa bellissima manifestazione. <strong>Mi sento davvero a casa e quello che per molti era quasi un piccolo segreto, oggi mi rende orgoglioso<\/strong>. Si, perch\u00e9 da quando sono diventato presidente del Cosenza Calcio, sono s<strong>tato sempre identificato come il presidente lametino<\/strong>. Oggi invece<strong> avete svelato un qualcosa che in pochi sanno, visto che le mie radici sono proprio qui a Parenti<\/strong>, dove ho vissuto da bambino. Anche se in realt\u00e0 <strong>sono nato a Spineto, qui a Parenti ho fatto le scuole elementari<\/strong> dove ho condiviso delle sensazioni bellissime, visto che proprio l&#8217;et\u00e0 fanciullesca ti permette di assorbire tutto e vivere a contatto con la natura.\u00a0<\/em><\/span><em><span style=\"color: #000000;\">Poi per ragioni lavorative di mio padre, ci trasferimmo a Nicastro dove ho poi costruito la mia vita di imprenditore, lavoro che ho sempre voluto fare. E sapete perch\u00e9? Il fatto di <strong>avere dipendenti, poter assumere persone e dare loro un lavoro \u00e8 la cosa pi\u00f9 gratificante<\/strong>. Qui a Parenti nel DNA abbiamo la cultura e il senso del lavoro, dal quale riusciamo a creare sviluppo. Spesso sento la politica, sopratutto\u00a0<\/span><\/em><span style=\"color: #000000;\"><em>in Calabria, parlare di cultura del posto, che non centra nulla con il lavoro. <strong>Il lavoro non lo pu\u00f2 dare l&#8217;istituzione, ma le imprese e le imprese le fanno gli uomini<\/strong><\/em>&#8220;.<\/span><\/p>\n<p><img loading=\"lazy\" decoding=\"async\" class=\"aligncenter wp-image-227551\" src=\"https:\/\/quicosenza.it\/news\/wp-content\/uploads\/2018\/07\/Guarascio-Parenti13.jpg\" alt=\"\" width=\"591\" height=\"394\" title=\"\"><\/p>\n<h4><span style=\"color: #000000;\"><strong>L&#8217;avvenuta alla guida del Cosenza Calcio &#8220;pensavo di non riuscirci&#8221;<\/strong><\/span><\/h4>\n<p><span style=\"color: #000000;\"><span style=\"color: #000000;\">Il presidente racconta la sua avventura alla guida del Cosenza Calcio &#8220;<\/span><em><span style=\"color: #000000;\"><span style=\"color: #000000;\">L&#8217;azienda che presiedo ha trentanni, poi ci fu l&#8217;idea del Cosenza e quest&#8217;avventura che ho accettato molto volentieri. Credo che un imprenditore debba avere anche il senso della responsabilit\u00e0 sociale. In un territorio un imprenditore non pu\u00f2 soltanto prendere ma deve anche dare.\u00a0 Il mondo del calcio all&#8217;inizio non lo capivo molto. Pi\u00f9 che altro i primi due anni non ci prestavo nemmeno molta attenzione anche perch\u00e9 vedevo persone molto pi\u00f9 esperte di me e pensavo che non ci sarei mai riuscito. Oltretutto c&#8217;erano delle regole molto particolari che faticavo anche a capire. Dopo aver vinto i play-off in serie D ad Arezzo con Tommaso Napoli allenatore, non fummo ripescati in C2 proprio perch\u00e9 cambiarono il regolamento. Li ho iniziato a riflette e decisi di prendere la situazione di petto, perch\u00e9\u00a0per me era inconcepibile che il Cosenza si trovasse nei dilettanti. Da li \u00e8 iniziata la nostra risalita che ci ha portati quest&#8217;anno in serie B dopo 15 anni di assenza.\u00a0\u00a0La gente di Cosenza li merita, spostare diecimila persone in trasferta fino a Pescara non \u00e8 da tutti. Spero di essere all&#8217;altezza\u00a0di questo riconoscimento, vi prometto che far\u00f2 di tutto per onorare questa responsabilit\u00e0&#8221;.<\/span><\/span><\/em><\/span><\/p>\n<p><img loading=\"lazy\" decoding=\"async\" class=\"aligncenter wp-image-227553\" src=\"https:\/\/quicosenza.it\/news\/wp-content\/uploads\/2018\/07\/guarascio-targa.jpg\" alt=\"\" width=\"594\" height=\"330\" title=\"\"><\/p>\n<h4><strong><span style=\"color: #000000;\">La Sindaca\u00a0<\/span><span style=\"color: #000000;\">Donatella Deposito &#8220;bentornato a casa presidente&#8221;<\/span><\/strong><\/h4>\n<p><span style=\"color: #000000;\">Parole di elogio e di stima sono arrivate dal primo cittadino di Parenti, la\u00a0<strong>Dott.ssa Donatella Deposito<\/strong> che ha concluso la manifestazione nella bellissima location\u00a0<\/span><span style=\"color: #000000;\">di<strong> Palazzo Ricciulli<\/strong>\u00a0stracolmo di persone &#8221;\u00a0<\/span><span style=\"color: #000000;\"><span style=\"color: #000000;\">V<\/span><em><span style=\"color: #000000;\">oglio esprimere al presidente Guarascio il massimo della felicit\u00e0 e della contentezza non solo per un evento istituzionale ma perch\u00e9 prima di tutto lo dice il cuore. Lei \u00e8 tornato a casa ed ha trovato la sua famiglia ad aspettarla. L&#8217;accoglienza che avremmo voluto darle \u00e8 molto di pi\u00f9 di quello che lei ha visto. Il mio ringraziamento va quindi in primis a lei che sapeva e non sapeva di questa bellissima sorpresa, ma anche a tutte le persone che hanno lavorato da giorni per rendere possibile questa bellissima manifestazione. Motivare un riconoscimento come questo \u00e8 stato quasi scontato perch\u00e9\u00a0lei \u00e8 un parentese che h<strong>a dovuto lasciare il suo paese ed \u00e8 riuscito a dare fuori quello che la gente di Parenti ha nel cuore<\/strong>: l&#8217;altruismo, la volont\u00e0\u00a0di fare e fare bene e quel principio fondamentale che \u00e8 il rispetto. <strong>Siamo gente\u00a0solare che lavora, che mette impegno anche nel fare le cose pi\u00f9 piccole<\/strong> e sopratutto con la volont\u00e0 di credere in quello che fa. E la sua vita finora percorsa \u00e8 l&#8217;esempio eclatante. La sua esperienza di vita \u00e8 il riassunto dei valori della nostra terra: la volont\u00e0 di riuscire, di impegnarsi e di rispettare le regole. Senza nulla togliere a nessuno, questo \u00e8 un marchio che abbiamo ed \u00e8 il risultato di quello che oggi lei rappresenta. Le motivazioni che hanno spinto al riconoscimento di quello che le spetta per diritto \u00e8 semplicemente un &#8220;bentornato a casa presidente&#8221;.<\/span><\/em><\/span><\/p>\n<p>&nbsp;<\/p>\n\n","protected":false},"excerpt":{"rendered":"<p>Nella splendida location di &#8220;Palazzo Ricciulli&#8221; la sindaca di Parenti Donatella Deposito ha conferito, la cittadinanza onoraria al presidente del Cosenza Eugenio Guarascio. Riconosciuti meriti sportivi e qualit\u00e0 manageriali. Il patron rossoblu&#8221; grazie a tutti, mi sento davvero a casa&#8221;<\/p>\n","protected":false},"author":24,"featured_media":95677,"comment_status":"closed","ping_status":"open","sticky":false,"template":"","format":"standard","meta":{"_acf_changed":false,"footnotes":"","jetpack_publicize_message":"","jetpack_publicize_feature_enabled":true,"jetpack_social_post_already_shared":false,"jetpack_social_options":{"image_generator_settings":{"template":"highway","default_image_id":0,"font":"","enabled":false},"version":2}},"categories":[571,20],"tags":[],"class_list":["post-95676","post","type-post","status-publish","format-standard","has-post-thumbnail","hentry","category-in-evidenza","category-sport"],"acf":[],"jetpack_publicize_connections":[],"_links":{"self":[{"href":"https:\/\/quicosenza.it\/news\/wp-json\/wp\/v2\/posts\/95676","targetHints":{"allow":["GET"]}}],"collection":[{"href":"https:\/\/quicosenza.it\/news\/wp-json\/wp\/v2\/posts"}],"about":[{"href":"https:\/\/quicosenza.it\/news\/wp-json\/wp\/v2\/types\/post"}],"author":[{"embeddable":true,"href":"https:\/\/quicosenza.it\/news\/wp-json\/wp\/v2\/users\/24"}],"replies":[{"embeddable":true,"href":"https:\/\/quicosenza.it\/news\/wp-json\/wp\/v2\/comments?post=95676"}],"version-history":[{"count":0,"href":"https:\/\/quicosenza.it\/news\/wp-json\/wp\/v2\/posts\/95676\/revisions"}],"wp:featuredmedia":[{"embeddable":true,"href":"https:\/\/quicosenza.it\/news\/wp-json\/wp\/v2\/media\/95677"}],"wp:attachment":[{"href":"https:\/\/quicosenza.it\/news\/wp-json\/wp\/v2\/media?parent=95676"}],"wp:term":[{"taxonomy":"category","embeddable":true,"href":"https:\/\/quicosenza.it\/news\/wp-json\/wp\/v2\/categories?post=95676"},{"taxonomy":"post_tag","embeddable":true,"href":"https:\/\/quicosenza.it\/news\/wp-json\/wp\/v2\/tags?post=95676"}],"curies":[{"name":"wp","href":"https:\/\/api.w.org\/{rel}","templated":true}]}}